{"id":2604,"date":"2017-07-03T22:08:45","date_gmt":"2017-07-03T20:08:45","guid":{"rendered":"http:\/\/asta-giessen.de\/?p=2604"},"modified":"2017-07-03T22:08:45","modified_gmt":"2017-07-03T20:08:45","slug":"vollversammlung-des-aber-2","status":"publish","type":"post","link":"https:\/\/www.asta-giessen.de\/en\/vollversammlung-des-aber-2\/","title":{"rendered":"Vollversammlung des ABeR"},"content":{"rendered":"<p>Sehr geehrte Betroffene und interessierte Studierende,<\/p>\n<p>am Freitag den 14.07.2017 um 16:00 Uhr (s.t.) gibt es erneut eine Vollversammlung des Autonomen Referats f\u00fcr Studierende mit Behinderung und chronischer Erkrankung im Sitzungsraum des AStA. Dieses Mal w\u00e4hlen wir unsere neuen Referenten. Zur Einhaltung des basisdemokratischen Prinzips der studentischen Selbstverwaltung wird um eine rege Beteiligung gebeten, da der\/die neue Referent*in alle Studierenden mit Behinderung im AStA und StuPa vertreten wird.<\/p>\n<p>Tagesordnung:<\/p>\n<p>1. Begr\u00fc\u00dfung \/ Feststellung der Beschlussf\u00e4higkeit<\/p>\n<p>2. Rechenschaftsberichte<\/p>\n<p>3. Vorstellung der Kandidat*innen<\/p>\n<p>4. Wahl des\/der neuen Referent*innen<\/p>\n<p>5. Sonstiges<\/p>\n<p>Ich hoffe das ihr die Zeit und Mu\u00dfe findet an dieser Vollversammlung teilzunehmen, da es im Endeffekt um eure Interessen geht. Ich verstehe, dass viele Studierende mit Behinderung schon 100% geben m\u00fcssen um ihr Studium \u00fcberhaupt zu gestalten. Aber bitte denkt daran, dass ihr immer Hilfe und Unterst\u00fctzung vom Referat erwarten k\u00f6nnt, und mit eurer Stimme sorgt ihr daf\u00fcr, dass es eine fundierte, demokratiegest\u00fctzte Legitimation der politischen Arbeit des Referats gibt. Also wenn ihr euch die Zeit nehmen k\u00f6nnt, nutzt eure Chance aktiv an der Zukunft der Repr\u00e4sentation von Studierenden mit Behinderung an der JLU mitzuwirken.<\/p>\n<p>Beste Gr\u00fc\u00dfe<br \/>\nChristian M\u00fcller<\/p>\n","protected":false},"excerpt":{"rendered":"<p>Sehr geehrte Betroffene und interessierte Studierende, am Freitag den 14.07.2017 um 16:00 Uhr (s.t.) gibt es erneut eine Vollversammlung des Autonomen Referats f\u00fcr Studierende mit &hellip; <\/p>\n","protected":false},"author":34,"featured_media":0,"comment_status":"closed","ping_status":"closed","sticky":false,"template":"","format":"standard","meta":{"footnotes":""},"categories":[36],"tags":[],"class_list":["post-2604","post","type-post","status-publish","format-standard","hentry","category-c20-aber","latest_post"],"translation":{"provider":"WPGlobus","version":"3.0.2","language":"en","enabled_languages":["de","en"],"languages":{"de":{"title":true,"content":true,"excerpt":false},"en":{"title":false,"content":false,"excerpt":false}}},"_links":{"self":[{"href":"https:\/\/www.asta-giessen.de\/en\/wp-json\/wp\/v2\/posts\/2604","targetHints":{"allow":["GET"]}}],"collection":[{"href":"https:\/\/www.asta-giessen.de\/en\/wp-json\/wp\/v2\/posts"}],"about":[{"href":"https:\/\/www.asta-giessen.de\/en\/wp-json\/wp\/v2\/types\/post"}],"author":[{"embeddable":true,"href":"https:\/\/www.asta-giessen.de\/en\/wp-json\/wp\/v2\/users\/34"}],"replies":[{"embeddable":true,"href":"https:\/\/www.asta-giessen.de\/en\/wp-json\/wp\/v2\/comments?post=2604"}],"version-history":[{"count":0,"href":"https:\/\/www.asta-giessen.de\/en\/wp-json\/wp\/v2\/posts\/2604\/revisions"}],"wp:attachment":[{"href":"https:\/\/www.asta-giessen.de\/en\/wp-json\/wp\/v2\/media?parent=2604"}],"wp:term":[{"taxonomy":"category","embeddable":true,"href":"https:\/\/www.asta-giessen.de\/en\/wp-json\/wp\/v2\/categories?post=2604"},{"taxonomy":"post_tag","embeddable":true,"href":"https:\/\/www.asta-giessen.de\/en\/wp-json\/wp\/v2\/tags?post=2604"}],"curies":[{"name":"wp","href":"https:\/\/api.w.org\/{rel}","templated":true}]}}