{"id":2617,"date":"2017-08-01T18:44:38","date_gmt":"2017-08-01T16:44:38","guid":{"rendered":"http:\/\/asta-giessen.de\/?p=2617"},"modified":"2021-12-02T13:57:48","modified_gmt":"2021-12-02T12:57:48","slug":"neue-reihe-warum-waehlen-zur-bundestagswahl","status":"publish","type":"post","link":"https:\/\/www.asta-giessen.de\/en\/neue-reihe-warum-waehlen-zur-bundestagswahl\/","title":{"rendered":"Neue Reihe &#8220;Warum w\u00e4hlen?&#8221; zur Bundestagswahl"},"content":{"rendered":"<h3 style=\"text-align: center;\">&#8220;<em><strong>Politik und Demokratie sind mir aber auch generell sehr wichtig und wir sollten uns gl\u00fccklich sch\u00e4tzen, dass wir \u00fcberhaupt in einer Demokratie leben und dort unsere Stimme geh\u00f6rt wird, immerhin k\u00f6nnen wir die Richtungsentscheidungen direkt beeinflussen<\/strong><\/em>.&#8221;<\/h3>\n<p>Das Referat f\u00fcr politische Bildung hat passend zur Bundestagswahl eine Reihe &#8220;Warum w\u00e4hlen?&#8221; erstellt, in der Studierende unserer Uni berichten, was sie zum w\u00e4hlen bewegt und was sie sich von der Wahl erhoffen.<\/p>\n<p>Hier lest ihr das Interview mit Konrad Magirius\u00a0 vom 24.07.2017<\/p>\n<p>&nbsp;<\/p>\n<p>Lea: Hallo Konrad kannst du mir vorab nochmal sagen wenn wie alt du bist, was studierst und in welchem Semester du studierst?<\/p>\n<p>Konrad: Ich bin 24, studiere im Master Demokratie und Governance im zweiten Mastersemester.<\/p>\n<p>Lea: Wieso gehst du w\u00e4hlen oder warum ist es f\u00fcr dich generell wichtig w\u00e4hlen zu gehen?<\/p>\n<p>Konrad: Zum Ersten ist W\u00e4hlen wichtig, weil wir da \u00fcber die n\u00e4chste Zeit in unserem deutschen Parlament mitentscheiden k\u00f6nnen beziehungsweise entscheiden, wie sich der Bundestag zusammensetzt. Es ist au\u00dferdem ein St\u00fcck weit unsere demokratische B\u00fcrger*innenpflicht, w\u00e4hlen zu gehen. Politik und Demokratie sind mir aber auch generell sehr wichtig und wir sollten uns gl\u00fccklich sch\u00e4tzen, dass wir \u00fcberhaupt in einer Demokratie leben und dort unsere Stimme geh\u00f6rt wird, immerhin k\u00f6nnen wir die Richtungsentscheidungen direkt beeinflussen.<\/p>\n<p>Lea: Was erhoffst du dir von dieser Wahl?<\/p>\n<p>Konrad: Erst mal erhoffe ich mir von dem Wahlkampf in den n\u00e4chsten Wochen, dass wir wieder mehr \u00fcber Themen und Inhalte sprechen anstatt \u00fcber Personen, Diffamierungen und Fake News. Es sollten wirklich wieder Fakten, Inhalte und Ziele im Mittelpunkt stehen. Das erhoffe ich mir dann auch letztendlich von der Wahl, dass die Ziele, die ich mir f\u00fcr unser Land w\u00fcnsche dann auch ausschlagendes Gewicht in der n\u00e4chsten Legislaturperiode bekommen. Sodass in den n\u00e4chsten 4 Jahren vor allem bei den Themen, die junge Menschen und Studierende betreffen wie Bildungspolitik oder Wohnen aber auch der Fl\u00fcchtlingsproblematik gute Entscheidungen getroffen werden und die Wahl somit auch richtungsentscheidend ist.<\/p>\n<p>Lea: Was w\u00fcrdest du Leuten sagen, die nicht w\u00e4hlen gehen?<\/p>\n<p>Konrad: Jede*r, der*\/die nicht w\u00e4hlen geht, st\u00e4rkt insbesondere die gro\u00dfen Parteien und das ist nat\u00fcrlich unsinnig, wenn man eigentlich die Partei xy unterst\u00fctzen w\u00fcrde aber sagt, dass die ja niemals \u00fcber die 5 -Prozent- H\u00fcrde kommen w\u00fcrde und deswegen nicht w\u00e4hlen geht. Vielleicht w\u00fcrde meine Stimme ja auch helfen, dass diese Partei \u00fcber die 5- Prozent -H\u00fcrde kommt &#8211; das ist der eine Punkt. Zum anderen bin ich immer der Meinung, dass die Leute, die nicht w\u00e4hlen gehen am meisten rummeckern und das kann per se schon nicht verstehen, warum man nicht die Chance ergreift und w\u00e4hlen geht. Wenn man dann doch endlich mal was entscheiden oder grundlegend mitbestimmen kann, dann sollte man das auch tun und in der Wahl artikulieren.<\/p>\n<p>Lea: Glaubst du, dass W\u00e4hlen etwas ver\u00e4ndern kann beziehungsweise zur politischen Teilhabe oder Ver\u00e4nderung beitragen kann?<\/p>\n<p>Konrad: Ja, ich glaub, dass W\u00e4hlen etwas ver\u00e4ndert, weil es vielleicht gerade meine Stimme ist, die einer Partei \u00fcber die 5 -Prozent- H\u00fcrde hilft und dadurch haben wir nochmal eine andere Meinung mit im Parlament. Das st\u00e4rkt die Pluralit\u00e4t ungemein. Und zum anderen ver\u00e4ndert eine Wahl immer irgendetwas, insbesondere bei einem Regierungswechsel. Das kann man glaube ich immer sehen und vor allem bei einem Wechsel der Kanzler*innenschaft gibt es ja auch immer eine Ver\u00e4nderung im Land und das tut letztendlich auch immer mal wieder gut egal in welche Richtung. Beispielsweise wenn eine vorherige Oppositionspartei dann den*\/die Kanzler*in stellen w\u00fcrde, dass dann andere Ideen hervor kommen.<\/p>\n<p>Lea: Vielen Dank f\u00fcr dieses gute Interview, Konrad! M\u00f6chtest du noch einen abschlie\u00dfenden Gedanken \u00e4u\u00dfern?<\/p>\n<p>Konrad: Ich finde es ganz wichtig w\u00e4hlen zu gehen, weil wir dadurch ganz viel ver\u00e4ndern k\u00f6nnen und ich finde es a schade, wenn Leute \u00a0das aus (in meinen Augen) zweifelhaften Gr\u00fcnden nicht tun. Letztendlich kann man sich auch \u00fcber die Briefwahl beteiligen, wenn man am 24. September nicht kann, dann z\u00e4hlt die Stimme trotzdem genauso viel. Das ist ein wichtiges Recht, welches wir in der Demokratie haben und das sollten wir st\u00e4rken.<\/p>\n<p>&nbsp;<\/p>\n<p>&nbsp;<\/p>\n<p>&nbsp;<\/p>\n","protected":false},"excerpt":{"rendered":"<p>&#8220;Politik und Demokratie sind mir aber auch generell sehr wichtig und wir sollten uns gl\u00fccklich sch\u00e4tzen, dass wir \u00fcberhaupt in einer Demokratie leben und dort &hellip; <\/p>\n","protected":false},"author":34,"featured_media":0,"comment_status":"closed","ping_status":"closed","sticky":false,"template":"","format":"standard","meta":{"footnotes":""},"categories":[497],"tags":[],"class_list":["post-2617","post","type-post","status-publish","format-standard","hentry","category-archiev","latest_post"],"translation":{"provider":"WPGlobus","version":"3.0.2","language":"en","enabled_languages":["de","en"],"languages":{"de":{"title":true,"content":true,"excerpt":false},"en":{"title":false,"content":false,"excerpt":false}}},"_links":{"self":[{"href":"https:\/\/www.asta-giessen.de\/en\/wp-json\/wp\/v2\/posts\/2617","targetHints":{"allow":["GET"]}}],"collection":[{"href":"https:\/\/www.asta-giessen.de\/en\/wp-json\/wp\/v2\/posts"}],"about":[{"href":"https:\/\/www.asta-giessen.de\/en\/wp-json\/wp\/v2\/types\/post"}],"author":[{"embeddable":true,"href":"https:\/\/www.asta-giessen.de\/en\/wp-json\/wp\/v2\/users\/34"}],"replies":[{"embeddable":true,"href":"https:\/\/www.asta-giessen.de\/en\/wp-json\/wp\/v2\/comments?post=2617"}],"version-history":[{"count":0,"href":"https:\/\/www.asta-giessen.de\/en\/wp-json\/wp\/v2\/posts\/2617\/revisions"}],"wp:attachment":[{"href":"https:\/\/www.asta-giessen.de\/en\/wp-json\/wp\/v2\/media?parent=2617"}],"wp:term":[{"taxonomy":"category","embeddable":true,"href":"https:\/\/www.asta-giessen.de\/en\/wp-json\/wp\/v2\/categories?post=2617"},{"taxonomy":"post_tag","embeddable":true,"href":"https:\/\/www.asta-giessen.de\/en\/wp-json\/wp\/v2\/tags?post=2617"}],"curies":[{"name":"wp","href":"https:\/\/api.w.org\/{rel}","templated":true}]}}