{"id":2627,"date":"2017-08-08T15:37:42","date_gmt":"2017-08-08T13:37:42","guid":{"rendered":"http:\/\/asta-giessen.de\/?p=2627"},"modified":"2017-08-08T15:37:42","modified_gmt":"2017-08-08T13:37:42","slug":"zweiter-teil-unserer-reihe-warum-waehlen","status":"publish","type":"post","link":"https:\/\/www.asta-giessen.de\/en\/zweiter-teil-unserer-reihe-warum-waehlen\/","title":{"rendered":"Zweiter Teil unserer Reihe &#8220;Warum w\u00e4hlen?&#8221;"},"content":{"rendered":"<h3 style=\"text-align: center;\"><strong>&#8220;Ich kann mich \u00fcber das beschweren, was in diesem Land falsch l\u00e4uft, aber daf\u00fcr muss ich vorher meine Stimme abgegeben und gesagt haben, wie ich&#8217;s gerne h\u00e4tte.&#8221;<\/strong><\/h3>\n<p>Hier k\u00f6nnt ihr das zweite Interview in unserer Reihe &#8220;Warum w\u00e4hlen?&#8221; zur Bundestagswahl lesen.<\/p>\n<p>&nbsp;<\/p>\n<p><strong>Lea:<\/strong> Hallo Sebastian, Danke dass du mitmachst! Kannst du uns vorab nochmal deinen Studiengang, Semester und Alter verraten?<\/p>\n<p><strong>Sebastian<\/strong>: Ich bin 23 Jahre alt, studiere Rechtswissenschaften und bin im 8 Semester.<\/p>\n<p><strong>Lea:<\/strong> Wieso gehst du w\u00e4hlen oder warum ist w\u00e4hlen f\u00fcr dich wichtig?<\/p>\n<p><strong>Sebastian:<\/strong> Ich gehe nat\u00fcrlich w\u00e4hlen, um an der Demokratie teilhaben zu k\u00f6nnen. Die Wahl ist <strong>die<\/strong> M\u00f6glichkeit f\u00fcr den \u201eDurchschnitts-Menschen\u201c an der Politik teilzunehmen und diese Chance nehme ich immer wahr sobald sie sich mir bietet.<\/p>\n<p><strong>Lea:<\/strong> Was erhoffst du dir von deiner Wahl?<\/p>\n<p><strong>Sebastian:<\/strong> Ich erhoffe mir nat\u00fcrlich erstmal, dass meine Stimme dazu f\u00fchrt, dass \u201emeine\u201c Partei in den Bundestag reinkommt, anderenfalls w\u00e4re das sehr ung\u00fcnstig. Wenn sie dann vertreten ist im Bundestag hoffe ich, dass sie dann versucht ordentlich zu arbeiten und das, was sie im Wahlprogramm versprochen hat, auch umsetzt. Ich erwarte zwar nicht, dass alles was versprochen wird auch umgesetzt wird, aber ich erwarte ehrliche Arbeit.<\/p>\n<p><strong>Lea:<\/strong> Was w\u00fcrdest du Leuten sagen, die nicht w\u00e4hlen gehen?<\/p>\n<p><strong>Sebastian:<\/strong> Ich w\u00fcrde ihnen sagen, dass sie eine gro\u00dfe Chance liegen lassen und vor allem dass sie dann hinterher nicht meckern d\u00fcrfen. Also f\u00fcr mich ist es ganz klar \u2013 ich kann mich \u00fcber das beschweren, was in diesem Land falsch l\u00e4uft, aber daf\u00fcr muss ich vorher meine Stimme abgegeben und gesagt haben wie ich\u2019s gerne h\u00e4tte und wenn ich das nicht gemacht habe, dann sollte ich mich auch nicht beschweren.<\/p>\n<p><strong>Lea:<\/strong> Glaubst du, dass W\u00e4hlen etwas ver\u00e4ndern kann bzw. zur politischen Teilhabe beitr\u00e4gt?<\/p>\n<p><strong>Sebastian:<\/strong> Auf jeden Fall. Also nat\u00fcrlich ver\u00e4ndert das jedes Jahr oder bei jeder Wahl die Zusammensetzung des Bundestages und dem entsprechend wird andere Politik gemacht. Vielleicht wird im Gro\u00dfen und Ganzen nicht das System ge\u00e4ndert aber die Feinheiten \u00e4ndern\u2018 sich durch jede Wahl und die Feinheiten sind das auf die es am Ende ankommt.<\/p>\n<p><strong>Lea:<\/strong> M\u00f6chtest du zum Abschluss noch etwas sagen?<\/p>\n<p><strong>Sebastian:<\/strong> Geht bitte w\u00e4hlen aber schaltet vorher euren Kopf ein.<\/p>\n<p><strong>Lea:<\/strong> Vielen Dank, dass du mitgemacht hast!<\/p>\n","protected":false},"excerpt":{"rendered":"<p>&#8220;Ich kann mich \u00fcber das beschweren, was in diesem Land falsch l\u00e4uft, aber daf\u00fcr muss ich vorher meine Stimme abgegeben und gesagt haben, wie ich&#8217;s &hellip; <\/p>\n","protected":false},"author":34,"featured_media":0,"comment_status":"closed","ping_status":"closed","sticky":false,"template":"","format":"standard","meta":{"footnotes":""},"categories":[1],"tags":[],"class_list":["post-2627","post","type-post","status-publish","format-standard","hentry","category-allgemein","latest_post"],"translation":{"provider":"WPGlobus","version":"3.0.2","language":"en","enabled_languages":["de","en"],"languages":{"de":{"title":true,"content":true,"excerpt":false},"en":{"title":false,"content":false,"excerpt":false}}},"_links":{"self":[{"href":"https:\/\/www.asta-giessen.de\/en\/wp-json\/wp\/v2\/posts\/2627","targetHints":{"allow":["GET"]}}],"collection":[{"href":"https:\/\/www.asta-giessen.de\/en\/wp-json\/wp\/v2\/posts"}],"about":[{"href":"https:\/\/www.asta-giessen.de\/en\/wp-json\/wp\/v2\/types\/post"}],"author":[{"embeddable":true,"href":"https:\/\/www.asta-giessen.de\/en\/wp-json\/wp\/v2\/users\/34"}],"replies":[{"embeddable":true,"href":"https:\/\/www.asta-giessen.de\/en\/wp-json\/wp\/v2\/comments?post=2627"}],"version-history":[{"count":0,"href":"https:\/\/www.asta-giessen.de\/en\/wp-json\/wp\/v2\/posts\/2627\/revisions"}],"wp:attachment":[{"href":"https:\/\/www.asta-giessen.de\/en\/wp-json\/wp\/v2\/media?parent=2627"}],"wp:term":[{"taxonomy":"category","embeddable":true,"href":"https:\/\/www.asta-giessen.de\/en\/wp-json\/wp\/v2\/categories?post=2627"},{"taxonomy":"post_tag","embeddable":true,"href":"https:\/\/www.asta-giessen.de\/en\/wp-json\/wp\/v2\/tags?post=2627"}],"curies":[{"name":"wp","href":"https:\/\/api.w.org\/{rel}","templated":true}]}}