{"id":2673,"date":"2017-08-15T10:42:24","date_gmt":"2017-08-15T08:42:24","guid":{"rendered":"http:\/\/asta-giessen.de\/?p=2673"},"modified":"2017-08-15T10:43:43","modified_gmt":"2017-08-15T08:43:43","slug":"warum-waehlen","status":"publish","type":"post","link":"https:\/\/www.asta-giessen.de\/en\/warum-waehlen\/","title":{"rendered":"&#8220;Warum w\u00e4hlen?&#8221;"},"content":{"rendered":"<h3 style=\"text-align: center;\"><strong>&#8220;Ich gehe w\u00e4hlen, weil ich damit \u00fcber die Politik in Deutschland mitentscheiden kann, ich kann entscheiden in welche Richtung das Land geht, ich kann entscheiden welche Menschen uns vertreten, uns repr\u00e4sentieren in der Welt.&#8221;<\/strong><\/h3>\n<p>Ein weiteres Interview in unserer Reihe &#8220;Warum w\u00e4hlen?&#8221;, mit Kai Dietl vom 26.07.2017.<\/p>\n<p>&nbsp;<\/p>\n<p><strong>Lea:<\/strong> Hallo Kai, danke dass du mitmachst. Kannst du mir zu Beginn nochmal dein Alter, deinen Studieng\u00e4ngen und das Semester sagen, in dem du gerade bist? ver\u00f6ffentlicht wird<\/p>\n<p><strong>Kai:<\/strong> Ich bin 22 Jahre alt, studiere Social Sciences im 6. Semester und habe jetzt gerade meine Bachelor Thesis geschrieben. Das hei\u00dft ich bin so gut wie fertig.<\/p>\n<p><strong>Lea:<\/strong> Wieso gehst du w\u00e4hlen beziehungsweise warum ist W\u00e4hlen f\u00fcr dich wichtig?<\/p>\n<p><strong>Kai:<\/strong> Ich gehe w\u00e4hlen, weil ich damit \u00fcber die Politik in Deutschland mitentscheiden kann, ich kann entscheiden in welche Richtung das Land geht, ich kann entscheiden welche Menschen uns vertreten, uns repr\u00e4sentieren in der Welt und ich finde das ist kein unerheblicher Teil von Politik, dass eben auch entsprechende Menschen und somit deren entsprechendes Auftreten nach au\u00dfen transportiert werden.<\/p>\n<p><strong>Lea:<\/strong> Was erhoffst du dir von deiner Wahl?<\/p>\n<p><strong>Kai:<\/strong> Von meiner Wahl erhoffe ich mir nat\u00fcrlich, dass die entsprechende Partei dann auch in der Regierung t\u00e4tig ist und die entsprechenden Themen, die f\u00fcr mich ganz pers\u00f6nlich wichtig sind, auch anspricht und dass dort auch Erfolge erzielt werden und Fortschritte geschehen. Ganz allgemein von der Wahl erhoffe ich mir, dass mehr Leute w\u00e4hlen gehen, damit eben auch die Meinung der breiten Masse im Wahlergebnis abgebildet wird und nicht nur die Meinung von der H\u00e4lfte der deutschen B\u00fcrger.<\/p>\n<p><strong>Lea:<\/strong> \u00a0Was w\u00fcrdest du Leuten sagen, die nicht w\u00e4hlen gehen?<\/p>\n<p><strong>Kai<\/strong>: Ich w\u00fcrde ihnen sagen, dass es keinen, f\u00fcr mich nachvollziehbaren, Grund gibt nicht w\u00e4hlen zu gehen, weil jeder eine Meinung hat. Wer sagt er habe keine Meinung l\u00fcgt meiner Meinung nach, weil jeder hat zu gewissen Themen eine Meinung und auch wenn man nicht 100% mit der Richtung einer Partei \u00fcbereinstimmt, das tu ich auch nicht, hat man trotzdem gewisse Themen, die einem selbst besonders wichtig sind und meiner Meinung nach ist W\u00e4hlen in Deutschland nicht nur ein Recht sondern auch eine Pflicht. Eine Pflicht gegen\u00fcber den Leuten die nicht w\u00e4hlen k\u00f6nnen und denen, die daf\u00fcr gek\u00e4mpft haben, dass wir eine freie, geheime und offene Wahl haben.<\/p>\n<p><strong>Lea: <\/strong>Glaubst du, dass W\u00e4hlen etwas ver\u00e4ndern kann beziehungsweise zur politischen Teilhabe beitr\u00e4gt?<\/p>\n<p><strong>Kai:<\/strong> Ich glaube auf jeden Fall, dass das etwas ver\u00e4ndern kann, weil wenn die Regierung merkt, dass die breite Ma\u00dfe hinter Ihnen steht, dann wird sie sich entsprechend bem\u00fchen auch diese Forderung, die sie vorher versprochen hat dann auch durchzusetzen, damit sie ihre Glaubw\u00fcrdigkeit nicht verliert und im entsprechend Fall auch wiedergew\u00e4hlt wird. Au\u00dferdem denke ich, dass das einfach die kleinste M\u00f6glichkeit ist mitzuentscheiden, die aber trotzdem extrem gro\u00dfe Wirkung hat. Zu entscheiden, was auf der bundespolitischen Ebene passiert ist doch durchaus ein gro\u00dfer Schritt und selbst wenn man vielleicht an dem Sonntag keine Zeit hat w\u00e4hlen zu gehen, gibt es immer noch die Briefwahl. Es ist nicht viel, was man machen muss, um doch einen gro\u00dfen Einfluss zu erzielen.<\/p>\n<p><strong>Lea:<\/strong> M\u00f6chtest du zum Schluss noch etwas sagen?<\/p>\n<p><strong>Kai:<\/strong> Jeder sollte w\u00e4hlen gehen und sich nat\u00fcrlich auch vorher etwas informieren. Das braucht keine wochenlange Arbeit zu sein, da reicht es sich f\u00fcr nicht mal 2 Stunden vor den Computer zu setzen und die wichtigsten Punkte durchzulesen, die die Parteien in ihrem Wahlprogramm stehen haben. Aufgrund dessen kann sich denke ich jeder eine Meinung bilden. Au\u00dferdem wei\u00df man, wie man die Kandidaten als Menschen wahrnimmt.<\/p>\n","protected":false},"excerpt":{"rendered":"<p>&#8220;Ich gehe w\u00e4hlen, weil ich damit \u00fcber die Politik in Deutschland mitentscheiden kann, ich kann entscheiden in welche Richtung das Land geht, ich kann entscheiden &hellip; <\/p>\n","protected":false},"author":34,"featured_media":0,"comment_status":"closed","ping_status":"closed","sticky":false,"template":"","format":"standard","meta":{"footnotes":""},"categories":[1],"tags":[],"class_list":["post-2673","post","type-post","status-publish","format-standard","hentry","category-allgemein","latest_post"],"translation":{"provider":"WPGlobus","version":"3.0.2","language":"en","enabled_languages":["de","en"],"languages":{"de":{"title":true,"content":true,"excerpt":false},"en":{"title":false,"content":false,"excerpt":false}}},"_links":{"self":[{"href":"https:\/\/www.asta-giessen.de\/en\/wp-json\/wp\/v2\/posts\/2673","targetHints":{"allow":["GET"]}}],"collection":[{"href":"https:\/\/www.asta-giessen.de\/en\/wp-json\/wp\/v2\/posts"}],"about":[{"href":"https:\/\/www.asta-giessen.de\/en\/wp-json\/wp\/v2\/types\/post"}],"author":[{"embeddable":true,"href":"https:\/\/www.asta-giessen.de\/en\/wp-json\/wp\/v2\/users\/34"}],"replies":[{"embeddable":true,"href":"https:\/\/www.asta-giessen.de\/en\/wp-json\/wp\/v2\/comments?post=2673"}],"version-history":[{"count":0,"href":"https:\/\/www.asta-giessen.de\/en\/wp-json\/wp\/v2\/posts\/2673\/revisions"}],"wp:attachment":[{"href":"https:\/\/www.asta-giessen.de\/en\/wp-json\/wp\/v2\/media?parent=2673"}],"wp:term":[{"taxonomy":"category","embeddable":true,"href":"https:\/\/www.asta-giessen.de\/en\/wp-json\/wp\/v2\/categories?post=2673"},{"taxonomy":"post_tag","embeddable":true,"href":"https:\/\/www.asta-giessen.de\/en\/wp-json\/wp\/v2\/tags?post=2673"}],"curies":[{"name":"wp","href":"https:\/\/api.w.org\/{rel}","templated":true}]}}