{"id":2689,"date":"2017-08-22T18:28:42","date_gmt":"2017-08-22T16:28:42","guid":{"rendered":"http:\/\/asta-giessen.de\/?p=2689"},"modified":"2017-09-05T13:58:01","modified_gmt":"2017-09-05T11:58:01","slug":"zur-bundestagswahl-warum-waehlen","status":"publish","type":"post","link":"https:\/\/www.asta-giessen.de\/en\/zur-bundestagswahl-warum-waehlen\/","title":{"rendered":"Zur Bundestagswahl &#8220;Warum w\u00e4hlen?&#8221;"},"content":{"rendered":"<h3 style=\"text-align: center;\"><strong>&#8220;Jede ungenutzte Stimme ist eine Stimme f\u00fcr Rechtspopulist*innen und Opportunist*innen. Nutzt eure Stimme und somit die Chance mitzubestimmen.&#8221;<\/strong><\/h3>\n<p>Das Interview mit Nina Kr\u00fcger, zu unserer Reihe &#8220;Warum w\u00e4hlen?&#8221;.<\/p>\n<p>&nbsp;<\/p>\n<p><strong>Lea:<\/strong> Hallo Nina, Danke dass du mitmachst! Kannst du uns vorab nochmal deinen Studiengang, Semester und Alter verraten?<\/p>\n<p><strong>Nina<\/strong>: Ich hei\u00dfe Nina Kr\u00fcger, bin 22 Jahre alt (?) und studiere Social Sciences im 6. Semester.<\/p>\n<p><strong>Lea:<\/strong> Wieso gehst du w\u00e4hlen oder warum ist w\u00e4hlen f\u00fcr dich wichtig?<\/p>\n<p><strong>Nina:<\/strong> Ich gehe w\u00e4hlen, weil mir unsere Demokratie wichtig ist und ich daher meine Pflicht als B\u00fcrgerin sehr ernst nehme. Zudem ist es mir auch als Frau ein besonders wichtiges Recht, da so vielen Frauen vor mir das Recht auf Partizipation abgesprochen wurde, sodass ich meine Stimme niemals ungenutzt lassen w\u00fcrde.<\/p>\n<p><strong>Lea:<\/strong> Was erhoffst du dir von deiner Wahl?<\/p>\n<p><strong>Nina:<\/strong> Ich erhoffe mir einen Wechsel der Politik, und andere Koalitionen.<\/p>\n<p><strong>Lea:<\/strong> Was w\u00fcrdest du Leuten sagen, die nicht w\u00e4hlen gehen?<\/p>\n<p><strong>Nina:<\/strong> Jede ungenutzte Stimme ist eine Stimme f\u00fcr Rechtspopulist*innen und Opportunist*innen. Nutzt eure Stimme und somit die Chance mitzubestimmen.<\/p>\n<p><strong>Lea:<\/strong> Glaubst du, dass W\u00e4hlen etwas ver\u00e4ndern kann bzw. zur politischen Teilhabe beitr\u00e4gt?<\/p>\n<p><strong>Nina:<\/strong> Was Wahlen ver\u00e4ndern k\u00f6nnen haben wir an Trump, Orban und Erdogan sehen k\u00f6nnen. Und wir haben auch gesehen, dass Rechtspopulist*innen ihre Macht verlieren oder geschw\u00e4cht werden, sobald mehr Leute zur Wahl gehen. Also: Ja, Wahlen k\u00f6nnen etwas ver\u00e4ndern.<\/p>\n<p><strong>Lea:<\/strong> M\u00f6chtest du zum Abschluss noch etwas sagen?<\/p>\n<p><strong>Nina:<\/strong> Auch wenn es so scheint, als w\u00e4ren die mit Macht schon immer im Amt, so ist es um so eindrucksvoller zu sehen, wenn diese ihre Macht verlieren durch die Gegenstimme der B\u00fcrger*innen. Wer nicht w\u00e4hlt, darf nicht meckern, wenn ihm\/ihr das Ergebnis nicht passt.<\/p>\n<p><strong>Lea:<\/strong> Vielen Dank, dass du mitgemacht hast!<\/p>\n","protected":false},"excerpt":{"rendered":"<p>&#8220;Jede ungenutzte Stimme ist eine Stimme f\u00fcr Rechtspopulist*innen und Opportunist*innen. Nutzt eure Stimme und somit die Chance mitzubestimmen.&#8221; Das Interview mit Nina Kr\u00fcger, zu unserer &hellip; <\/p>\n","protected":false},"author":34,"featured_media":0,"comment_status":"closed","ping_status":"closed","sticky":false,"template":"","format":"standard","meta":{"footnotes":""},"categories":[1,397],"tags":[],"class_list":["post-2689","post","type-post","status-publish","format-standard","hentry","category-allgemein","category-politische-bildung","latest_post"],"translation":{"provider":"WPGlobus","version":"3.0.2","language":"en","enabled_languages":["de","en"],"languages":{"de":{"title":true,"content":true,"excerpt":false},"en":{"title":false,"content":false,"excerpt":false}}},"_links":{"self":[{"href":"https:\/\/www.asta-giessen.de\/en\/wp-json\/wp\/v2\/posts\/2689","targetHints":{"allow":["GET"]}}],"collection":[{"href":"https:\/\/www.asta-giessen.de\/en\/wp-json\/wp\/v2\/posts"}],"about":[{"href":"https:\/\/www.asta-giessen.de\/en\/wp-json\/wp\/v2\/types\/post"}],"author":[{"embeddable":true,"href":"https:\/\/www.asta-giessen.de\/en\/wp-json\/wp\/v2\/users\/34"}],"replies":[{"embeddable":true,"href":"https:\/\/www.asta-giessen.de\/en\/wp-json\/wp\/v2\/comments?post=2689"}],"version-history":[{"count":0,"href":"https:\/\/www.asta-giessen.de\/en\/wp-json\/wp\/v2\/posts\/2689\/revisions"}],"wp:attachment":[{"href":"https:\/\/www.asta-giessen.de\/en\/wp-json\/wp\/v2\/media?parent=2689"}],"wp:term":[{"taxonomy":"category","embeddable":true,"href":"https:\/\/www.asta-giessen.de\/en\/wp-json\/wp\/v2\/categories?post=2689"},{"taxonomy":"post_tag","embeddable":true,"href":"https:\/\/www.asta-giessen.de\/en\/wp-json\/wp\/v2\/tags?post=2689"}],"curies":[{"name":"wp","href":"https:\/\/api.w.org\/{rel}","templated":true}]}}