{"id":2708,"date":"2017-08-29T14:09:40","date_gmt":"2017-08-29T12:09:40","guid":{"rendered":"http:\/\/asta-giessen.de\/?p=2708"},"modified":"2017-08-30T14:20:49","modified_gmt":"2017-08-30T12:20:49","slug":"reihe-warum-waehlen","status":"publish","type":"post","link":"https:\/\/www.asta-giessen.de\/en\/reihe-warum-waehlen\/","title":{"rendered":"Reihe &#8220;Warum w\u00e4hlen?&#8221;"},"content":{"rendered":"<h3 style=\"text-align: center;\"><strong>&#8220;Ich glaube, dass viele Menschen sich wahrscheinlich mit Politik am meisten direkt vor der Wahl besch\u00e4ftigen oder so ein paar Wochen vorher. Wenn man sich dann mal damit auseinandersetzt, wird ja vielleicht auch das Interesse generell an Politik geweckt bei Leuten, die das aus ihrem Umfeld vielleicht nicht kennen.&#8221;<\/strong><\/h3>\n<p>Das Interview zu unserer Reihe &#8220;Warum w\u00e4hlen?&#8221;, passend zur Bundestagswahl im September, mit Tim Petervom 09.08.2017.<\/p>\n<p>&nbsp;<\/p>\n<p><strong>Lea:<\/strong> Hallo Tim, danke dass du mitmachst! Kannst du mir vorab noch mal sagen wie alt du bist und was du studierst?<\/p>\n<p>&nbsp;<\/p>\n<p><strong>Tim:<\/strong> Ich bin 21 Jahre alt und studiere Psychologie im zweiten Semester.<\/p>\n<p>&nbsp;<\/p>\n<p><strong>Lea:<\/strong> Wieso gehst du w\u00e4hlen beziehungsweise warum findest du, dass w\u00e4hlen wichtig ist?<\/p>\n<p>&nbsp;<\/p>\n<p><strong>Tim:<\/strong> Prinzipiell gehe ich w\u00e4hlen, weil ich finde dass es in einer guten Demokratie dazugeh\u00f6rt, dass jede*r seine oder ihre Meinung \u00e4u\u00dfern kann und f\u00fcr mich ist die Wahl auch eine Form von Meinungs\u00e4u\u00dferung. Ich finde es generell wichtig, dass man w\u00e4hlen geht, vor allem wenn man sich beschweren m\u00f6chte \u00fcber Dinge die nicht funktionieren. Wenn man nicht w\u00e4hlen geht, sollte man meiner Ansicht nach auch nicht sagen, dass alles schief l\u00e4uft obwohl man eigentlich nichts daf\u00fcr getan, dass es h\u00e4tte anders laufen k\u00f6nnen.<\/p>\n<p>&nbsp;<\/p>\n<p><strong>Lea<\/strong>: Was erhoffst du dir von der kommenden Bundestagswahl ganz allgemein?<\/p>\n<p>&nbsp;<\/p>\n<p><strong>Tim:<\/strong> Ich hoffe auf Ver\u00e4nderung und dass die Politikverdrossenheit angegangen wird, dadurch dass mal wieder interessantere Themen angesprochen werden anstatt immer die gleichen Sachen zu diskutieren, bei denen seit ungef\u00e4hr 10 Jahren gef\u00fchlt nichts erreicht wurde. Es sollte mehr auf die B\u00fcrger*innen eingegangen werden.<\/p>\n<p><strong>\u00a0<\/strong><\/p>\n<p><strong>Lea:<\/strong> Was w\u00fcrdest du Leuten sagen, die nicht w\u00e4hlen gehen?<\/p>\n<p>&nbsp;<\/p>\n<p><strong>Tim:<\/strong> Auf jeden Fall versuchen Sie davon zu \u00fcberzeugen, dass sie w\u00e4hlen gehen, weil Wahlen das Fundament einer Demokratie sind und wir haben nicht umsonst freie, gleiche, gerechte und geheime Wahlen. Im Endeffekt wei\u00df niemand was du gew\u00e4hlt hast aber du hast wenigstens was getan und am politischen Diskurs teilgenommen.<\/p>\n<p>&nbsp;<\/p>\n<p>Lea: Glaubst du, dass Wahlen etwas ver\u00e4ndern k\u00f6nnen beziehungsweise zur politischen Teilhabe beitragen?<\/p>\n<p>&nbsp;<\/p>\n<p>Tim: Auf jeden Fall. Ich glaube, dass viele Menschen sich wahrscheinlich mit Politik am meisten direkt vor der Wahl besch\u00e4ftigen oder so ein paar Wochen vorher. Wenn man sich dann mal damit auseinandersetzt, wird ja vielleicht auch das Interesse generell an Politik geweckt bei Leuten, die das aus ihrem Umfeld vielleicht nicht kennen. Wenn man sich damit m\u00fcssen auseinandersetzt und dann selbst aktiv wird und Themen mit einbringt dann kann man das erst einmal auf kleiner Ebene machen und irgendwann vielleicht auch auf gr\u00f6\u00dferer Ebene etwas erreichen.<\/p>\n","protected":false},"excerpt":{"rendered":"<p>&#8220;Ich glaube, dass viele Menschen sich wahrscheinlich mit Politik am meisten direkt vor der Wahl besch\u00e4ftigen oder so ein paar Wochen vorher. Wenn man sich &hellip; <\/p>\n","protected":false},"author":34,"featured_media":0,"comment_status":"closed","ping_status":"closed","sticky":false,"template":"","format":"standard","meta":{"footnotes":""},"categories":[1,397],"tags":[],"class_list":["post-2708","post","type-post","status-publish","format-standard","hentry","category-allgemein","category-politische-bildung","latest_post"],"translation":{"provider":"WPGlobus","version":"3.0.2","language":"en","enabled_languages":["de","en"],"languages":{"de":{"title":true,"content":true,"excerpt":false},"en":{"title":false,"content":false,"excerpt":false}}},"_links":{"self":[{"href":"https:\/\/www.asta-giessen.de\/en\/wp-json\/wp\/v2\/posts\/2708","targetHints":{"allow":["GET"]}}],"collection":[{"href":"https:\/\/www.asta-giessen.de\/en\/wp-json\/wp\/v2\/posts"}],"about":[{"href":"https:\/\/www.asta-giessen.de\/en\/wp-json\/wp\/v2\/types\/post"}],"author":[{"embeddable":true,"href":"https:\/\/www.asta-giessen.de\/en\/wp-json\/wp\/v2\/users\/34"}],"replies":[{"embeddable":true,"href":"https:\/\/www.asta-giessen.de\/en\/wp-json\/wp\/v2\/comments?post=2708"}],"version-history":[{"count":0,"href":"https:\/\/www.asta-giessen.de\/en\/wp-json\/wp\/v2\/posts\/2708\/revisions"}],"wp:attachment":[{"href":"https:\/\/www.asta-giessen.de\/en\/wp-json\/wp\/v2\/media?parent=2708"}],"wp:term":[{"taxonomy":"category","embeddable":true,"href":"https:\/\/www.asta-giessen.de\/en\/wp-json\/wp\/v2\/categories?post=2708"},{"taxonomy":"post_tag","embeddable":true,"href":"https:\/\/www.asta-giessen.de\/en\/wp-json\/wp\/v2\/tags?post=2708"}],"curies":[{"name":"wp","href":"https:\/\/api.w.org\/{rel}","templated":true}]}}