{"id":2746,"date":"2017-09-05T16:45:05","date_gmt":"2017-09-05T14:45:05","guid":{"rendered":"http:\/\/asta-giessen.de\/?p=2746"},"modified":"2017-09-09T12:27:00","modified_gmt":"2017-09-09T10:27:00","slug":"warum-waehlen-2","status":"publish","type":"post","link":"https:\/\/www.asta-giessen.de\/en\/warum-waehlen-2\/","title":{"rendered":"&#8220;Warum w\u00e4hlen?&#8221;"},"content":{"rendered":"<h3 style=\"text-align: center;\"><strong>&#8220;Wer nicht w\u00e4hlen geht, l\u00e4sst ein wichtiges St\u00fcck Demokratie auf der Strecke liegen.&#8221;<\/strong><\/h3>\n<p>Das Interview mit Felix Leyendecker zu unserer Reihe &#8220;Warum w\u00e4hlen?&#8221;.<\/p>\n<p>&nbsp;<\/p>\n<p>&nbsp;<\/p>\n<p><strong>Julia:<\/strong> Hallo Felix, Danke dass du mitmachst! Kannst du uns vorab nochmal deinen Studiengang, Semester und Alter verraten?<\/p>\n<p><strong>Feli<\/strong>x: Mein Name ist Felix Leyendecker, ich studiere Osteurop\u00e4ische Geschichte und Fachjournalistik Geschichte im 4. Semester und bin 20 Jahre alt.<\/p>\n<p><strong>Julia:<\/strong> Wieso gehst du w\u00e4hlen? Warum ist w\u00e4hlen f\u00fcr dich wichtig<\/p>\n<p><strong>Felix:<\/strong> Ich \u00fcbe die Pflicht eines demokratischen B\u00fcrgers aus, eine Pflicht, f\u00fcr die wir in der Geschichte lange gek\u00e4mpft und gestritten haben und f\u00fcr welche wir unter Tyrannei b\u00fc\u00dfen mussten.<\/p>\n<p><strong>Julia:<\/strong> Was erhoffst du dir von deiner Wahl?<\/p>\n<p><strong>Felix:<\/strong> Jede Wahl ist eine neue M\u00f6glichkeit, neue Koalitionen zu schlie\u00dfen, die Deutschland ein St\u00fcck weiter nach vorne bringen k\u00f6nnen.<\/p>\n<p><strong>Julia:<\/strong> Was w\u00fcrdest du Leuten sagen, die nicht w\u00e4hlen gehen?<\/p>\n<p><strong>Felix:<\/strong> Jeder sollte sein politisches Recht annehmen und aus\u00fcben. Wer nicht w\u00e4hlen geht, l\u00e4sst ein wichtiges St\u00fcck Demokratie auf der Strecke liegen.<\/p>\n<p><strong>Julia:<\/strong> Gehst du bei jeder Wahl w\u00e4hlen?<\/p>\n<p><strong>Felix:<\/strong> F\u00fcr mich ist jede Wahl wichtig, also ja.<\/p>\n<p><strong>Julia:<\/strong> Glaubst du, dass W\u00e4hlen etwas ver\u00e4ndern kann bzw. zur politischen Teilhabe beitr\u00e4gt?<\/p>\n<p><strong>Felix:<\/strong> Das wei\u00df ich nicht. Ich f\u00fcr meinen Teil sage mir jedoch, dass ich die mir m\u00f6glichen Optionen ausgesch\u00f6pft habe, indem ich am demokratischen Prozess teilnehme.<\/p>\n<p><strong>Julia: <\/strong>Vielen Dank, dass du teilgenommen hast!<\/p>\n","protected":false},"excerpt":{"rendered":"<p>&#8220;Wer nicht w\u00e4hlen geht, l\u00e4sst ein wichtiges St\u00fcck Demokratie auf der Strecke liegen.&#8221; Das Interview mit Felix Leyendecker zu unserer Reihe &#8220;Warum w\u00e4hlen?&#8221;. &nbsp; &nbsp; &hellip; <\/p>\n","protected":false},"author":34,"featured_media":0,"comment_status":"closed","ping_status":"closed","sticky":false,"template":"","format":"standard","meta":{"footnotes":""},"categories":[1,397],"tags":[],"class_list":["post-2746","post","type-post","status-publish","format-standard","hentry","category-allgemein","category-politische-bildung","latest_post"],"translation":{"provider":"WPGlobus","version":"3.0.2","language":"en","enabled_languages":["de","en"],"languages":{"de":{"title":true,"content":true,"excerpt":false},"en":{"title":false,"content":false,"excerpt":false}}},"_links":{"self":[{"href":"https:\/\/www.asta-giessen.de\/en\/wp-json\/wp\/v2\/posts\/2746","targetHints":{"allow":["GET"]}}],"collection":[{"href":"https:\/\/www.asta-giessen.de\/en\/wp-json\/wp\/v2\/posts"}],"about":[{"href":"https:\/\/www.asta-giessen.de\/en\/wp-json\/wp\/v2\/types\/post"}],"author":[{"embeddable":true,"href":"https:\/\/www.asta-giessen.de\/en\/wp-json\/wp\/v2\/users\/34"}],"replies":[{"embeddable":true,"href":"https:\/\/www.asta-giessen.de\/en\/wp-json\/wp\/v2\/comments?post=2746"}],"version-history":[{"count":0,"href":"https:\/\/www.asta-giessen.de\/en\/wp-json\/wp\/v2\/posts\/2746\/revisions"}],"wp:attachment":[{"href":"https:\/\/www.asta-giessen.de\/en\/wp-json\/wp\/v2\/media?parent=2746"}],"wp:term":[{"taxonomy":"category","embeddable":true,"href":"https:\/\/www.asta-giessen.de\/en\/wp-json\/wp\/v2\/categories?post=2746"},{"taxonomy":"post_tag","embeddable":true,"href":"https:\/\/www.asta-giessen.de\/en\/wp-json\/wp\/v2\/tags?post=2746"}],"curies":[{"name":"wp","href":"https:\/\/api.w.org\/{rel}","templated":true}]}}