{"id":2769,"date":"2017-09-12T15:25:39","date_gmt":"2017-09-12T13:25:39","guid":{"rendered":"http:\/\/asta-giessen.de\/?p=2769"},"modified":"2017-09-12T15:31:58","modified_gmt":"2017-09-12T13:31:58","slug":"warum-waehlen-3","status":"publish","type":"post","link":"https:\/\/www.asta-giessen.de\/en\/warum-waehlen-3\/","title":{"rendered":"Warum w\u00e4hlen?"},"content":{"rendered":"<h3 style=\"text-align: center;\">\u00a0<strong>&#8220;Eine Wahlverweigerung aus Protest n\u00fctzt \u00fcberhaupt nichts, zumal sie auch als Ausdruck der Zufriedenheit gedeutet werden kann.&#8221;<\/strong><\/h3>\n<p>Das Interview mit Helena zu unserer Reihe &#8220;Warum w\u00e4hlen?&#8221;.<\/p>\n<p>&nbsp;<\/p>\n<p><strong>Lea: Kannst du uns vorab nochmal deinen Studiengang, Semester und Alter verraten?<\/strong><\/p>\n<p>Helena: Ich bin 21 Jahre alt und studiere Sozialwissenschaften im zweiten beziehungsweise bald dritten Semester!<\/p>\n<p><strong>Lea: Wieso gehst du w\u00e4hlen? Warum ist w\u00e4hlen f\u00fcr dich wichtig?<\/strong><\/p>\n<p>Helena: Ich gehe w\u00e4hlen, weil ich das Leben in der Gesellschaft mitgestalten m\u00f6chte. Politisches Engagement beginnt in meinen Augen schon mit dem Schritt in das Wahllokal. Gerade als Frau ist mir das besonders wichtig, da uns dieses Recht lange Zeit verwehrt wurde und es auch immer noch zu viele L\u00e4nder gibt, in denen Frauen eben nicht diese M\u00f6glichkeit haben, also sollten wir nicht stumm bleiben.<\/p>\n<p><strong>Lea: Was erhoffst du dir von deiner Wahl?<\/strong><\/p>\n<p>Helena: Auf jeden Fall, dass &#8220;meine&#8221; Partei den Weg in den Bundestag schafft und dann nat\u00fcrlich, dass die Wahlversprechen tats\u00e4chlich umgesetzt werden. Allgemein hoffe ich aber auch auf weniger Stimmen f\u00fcr Rechtspopulist*Innen.<\/p>\n<p><strong>Lea: Was w\u00fcrdest du Leuten sagen, die nicht w\u00e4hlen gehen?<\/strong><\/p>\n<p>Helena: Dass ich diese Entscheidung absolut nicht nachvollziehen kann. Wieso sollten wir unser Recht auf Mitbestimmung einfach so wegwerfen? Vor allem funktioniert eine Demokratie auch nur mit b\u00fcrgerlichem Engagement. Das ist das Fundament, auf dem sie steht. Wer mit der aktuellen Politik nicht zufrieden ist, sollte seine bzw. ihre Stimme zumindest ung\u00fcltig machen oder sich bestenfalls engagieren. Eine Wahlverweigerung aus Protest n\u00fctzt \u00fcberhaupt nichts, zumal sie auch als Ausdruck der Zufriedenheit gedeutet werden kann.<\/p>\n<p><strong>Lea: Gehst du bei jeder Wahl w\u00e4hlen?<\/strong><\/p>\n<p>Helena: Nat\u00fcrlich!<\/p>\n<p><strong>Lea: Glaubst du, dass W\u00e4hlen etwas ver\u00e4ndern kann bzw. zur politischen Teilhabe beitr\u00e4gt?<\/strong><\/p>\n<p>Helena: Ja, auf jeden Fall. Meine Stimme repr\u00e4sentiert meine Meinung in der Politik, wodurch ich eben auch Einfluss auf diese nehme.<\/p>\n<p><strong>Lea: Vielen Dank, dass du teilgenommen hast!<\/strong><\/p>\n","protected":false},"excerpt":{"rendered":"<p>\u00a0&#8220;Eine Wahlverweigerung aus Protest n\u00fctzt \u00fcberhaupt nichts, zumal sie auch als Ausdruck der Zufriedenheit gedeutet werden kann.&#8221; Das Interview mit Helena zu unserer Reihe &#8220;Warum &hellip; <\/p>\n","protected":false},"author":34,"featured_media":0,"comment_status":"closed","ping_status":"closed","sticky":false,"template":"","format":"standard","meta":{"footnotes":""},"categories":[1,397],"tags":[],"class_list":["post-2769","post","type-post","status-publish","format-standard","hentry","category-allgemein","category-politische-bildung","latest_post"],"translation":{"provider":"WPGlobus","version":"3.0.2","language":"en","enabled_languages":["de","en"],"languages":{"de":{"title":true,"content":true,"excerpt":false},"en":{"title":false,"content":false,"excerpt":false}}},"_links":{"self":[{"href":"https:\/\/www.asta-giessen.de\/en\/wp-json\/wp\/v2\/posts\/2769","targetHints":{"allow":["GET"]}}],"collection":[{"href":"https:\/\/www.asta-giessen.de\/en\/wp-json\/wp\/v2\/posts"}],"about":[{"href":"https:\/\/www.asta-giessen.de\/en\/wp-json\/wp\/v2\/types\/post"}],"author":[{"embeddable":true,"href":"https:\/\/www.asta-giessen.de\/en\/wp-json\/wp\/v2\/users\/34"}],"replies":[{"embeddable":true,"href":"https:\/\/www.asta-giessen.de\/en\/wp-json\/wp\/v2\/comments?post=2769"}],"version-history":[{"count":0,"href":"https:\/\/www.asta-giessen.de\/en\/wp-json\/wp\/v2\/posts\/2769\/revisions"}],"wp:attachment":[{"href":"https:\/\/www.asta-giessen.de\/en\/wp-json\/wp\/v2\/media?parent=2769"}],"wp:term":[{"taxonomy":"category","embeddable":true,"href":"https:\/\/www.asta-giessen.de\/en\/wp-json\/wp\/v2\/categories?post=2769"},{"taxonomy":"post_tag","embeddable":true,"href":"https:\/\/www.asta-giessen.de\/en\/wp-json\/wp\/v2\/tags?post=2769"}],"curies":[{"name":"wp","href":"https:\/\/api.w.org\/{rel}","templated":true}]}}