{"id":2775,"date":"2017-09-18T23:10:32","date_gmt":"2017-09-18T21:10:32","guid":{"rendered":"http:\/\/asta-giessen.de\/?p=2775"},"modified":"2017-09-18T23:10:57","modified_gmt":"2017-09-18T21:10:57","slug":"warum-waehlen-4","status":"publish","type":"post","link":"https:\/\/www.asta-giessen.de\/en\/warum-waehlen-4\/","title":{"rendered":"Warum w\u00e4hlen?"},"content":{"rendered":"<h3 style=\"text-align: center;\"><strong>&#8220;Seit dem ich wahlberechtigt bin gehe \u00a0ich zu jeder Wahl. Ich nutze mein Recht voll aus, von Europaparlamentswahlen bis hin zu Kommunalwahlen und sogar bei den Wahlen zum Studierendenparlament.&#8221;<\/strong><\/h3>\n<p>Das vollst\u00e4ndige Interview mit Julian Schneider.<\/p>\n<p>&nbsp;<\/p>\n<p><strong>Lea: <\/strong>Hallo Julian, Danke dass du mitmachst! Kannst du dich kurz vorstellen?<br \/>\n<strong>Julian: <\/strong>Mein Name ist Julian Schneider, ich bin 22 Jahre alt und studiere Chemie im 6. Semester, ab Oktober im 1. Mastersemester.<\/p>\n<p><strong>Lea: <\/strong>Wieso gehst du w\u00e4hlen und warum ist w\u00e4hlen f\u00fcr dich wichtig?<br \/>\n<strong>Julian: <\/strong>Der Staat gibt mir mit dem Wahlrecht die M\u00f6glichkeit, mit geringem Aufwand, aktiv mitzubestimmen. Ich sch\u00e4tze es hoch, dass Privileg zu haben w\u00e4hlen zu k\u00f6nnen, vor allem, wenn man betrachtet was f\u00fcr ein harter und zum Teil blutiger Weg es war, bis wir alle hier w\u00e4hlen durften. Daher sehe ich es als eine W\u00fcrdigung dieses Weges an, w\u00e4hlen zu gehen.<\/p>\n<p><strong>Lea: <\/strong>Was erhoffst du dir von deiner Wahl?<br \/>\n<strong>Julian: <\/strong>Ich erhoffe mir durch diese Wahl, dass keine rechtspopulistische Partei \u00fcberhand gewinnt und im besten Fall gar nicht erst in den Bundestag einziehen kann. Weiterhin erhoffe ich mir dadurch einen Wechsel in der Politik, endlich wieder zukunftsorientierte Politik.<\/p>\n<p><strong>Lea: <\/strong>Was w\u00fcrdest du Leuten sagen, die nicht w\u00e4hlen gehen?<br \/>\n<strong>Julian: <\/strong>Jede Stimme ist wichtig, denn jede Stimme tr\u00e4gt dazu bei, dass sich die Verh\u00e4ltnisse an Prozenten \u00e4ndern und somit deine Stimme dazu beitr\u00e4gt einer rechtspopulistischen Partei den Weg in den Bundestag zu verhindern.<\/p>\n<p><strong>Lea: <\/strong>Gehst du bei jeder Wahl w\u00e4hlen?<br \/>\n<strong>Julian: <\/strong>Ja, seit dem ich wahlberechtigt bin gehe \u00a0ich zu jeder Wahl. Ich nutze mein Recht voll aus, von Europaparlamentswahlen bis hin zu Kommunalwahlen und sogar bei den Wahlen zum Studierendenparlament. Und sollte es mir mal nicht m\u00f6glich sein am Wahlsonntag zu w\u00e4hlen, beantrage ich die Briefwahl. Ist \u00fcbrigens sehr leicht zu beantragen.<\/p>\n<p><strong>Lea: <\/strong>Glaubst du, dass w\u00e4hlen etwas ver\u00e4ndern kann beziehungswei\u00dfe zur politischen Teilhabe beitr\u00e4gt?<br \/>\n<strong>Julian: <\/strong>Ja, ich denke schon, dass Wahlen etwas ver\u00e4ndern, denn nicht ohne Grund haben wir verschiedene Parteien. Jede steht f\u00fcr etwas anderes und so kann es sein, dass es verschiedenen Konstellationen der Parteien gibt. Dies hat Auswirkung auf die Politik die ausge\u00fcbt wird. Somit tr\u00e4gt meine Stimme dazu bei, wie es weiter geht.<\/p>\n<p><strong>Lea: <\/strong>M\u00f6chtest du zum Schluss noch etwas sagen?<br \/>\n<strong>Julian: <\/strong>W\u00e4hlen ist wichtig! Wir bekommen vom Staat ein einfaches Mittel in die Hand gegeben, welches wir nur wahrnehmen m\u00fcssen. Andere k\u00e4mpfen seit Jahren auf der Stra\u00dfe um das Wahlrecht und hier wird es von einigen nicht wahrgenommen. Wir sollten wertsch\u00e4tzen welche M\u00f6glichkeiten wir haben. So auf zur Wahl am 24. September!<\/p>\n","protected":false},"excerpt":{"rendered":"<p>&#8220;Seit dem ich wahlberechtigt bin gehe \u00a0ich zu jeder Wahl. Ich nutze mein Recht voll aus, von Europaparlamentswahlen bis hin zu Kommunalwahlen und sogar bei &hellip; <\/p>\n","protected":false},"author":34,"featured_media":0,"comment_status":"closed","ping_status":"closed","sticky":false,"template":"","format":"standard","meta":{"footnotes":""},"categories":[1,397],"tags":[],"class_list":["post-2775","post","type-post","status-publish","format-standard","hentry","category-allgemein","category-politische-bildung","latest_post"],"translation":{"provider":"WPGlobus","version":"3.0.2","language":"en","enabled_languages":["de","en"],"languages":{"de":{"title":true,"content":true,"excerpt":false},"en":{"title":false,"content":false,"excerpt":false}}},"_links":{"self":[{"href":"https:\/\/www.asta-giessen.de\/en\/wp-json\/wp\/v2\/posts\/2775","targetHints":{"allow":["GET"]}}],"collection":[{"href":"https:\/\/www.asta-giessen.de\/en\/wp-json\/wp\/v2\/posts"}],"about":[{"href":"https:\/\/www.asta-giessen.de\/en\/wp-json\/wp\/v2\/types\/post"}],"author":[{"embeddable":true,"href":"https:\/\/www.asta-giessen.de\/en\/wp-json\/wp\/v2\/users\/34"}],"replies":[{"embeddable":true,"href":"https:\/\/www.asta-giessen.de\/en\/wp-json\/wp\/v2\/comments?post=2775"}],"version-history":[{"count":0,"href":"https:\/\/www.asta-giessen.de\/en\/wp-json\/wp\/v2\/posts\/2775\/revisions"}],"wp:attachment":[{"href":"https:\/\/www.asta-giessen.de\/en\/wp-json\/wp\/v2\/media?parent=2775"}],"wp:term":[{"taxonomy":"category","embeddable":true,"href":"https:\/\/www.asta-giessen.de\/en\/wp-json\/wp\/v2\/categories?post=2775"},{"taxonomy":"post_tag","embeddable":true,"href":"https:\/\/www.asta-giessen.de\/en\/wp-json\/wp\/v2\/tags?post=2775"}],"curies":[{"name":"wp","href":"https:\/\/api.w.org\/{rel}","templated":true}]}}