{"id":2898,"date":"2018-01-09T14:24:07","date_gmt":"2018-01-09T13:24:07","guid":{"rendered":"http:\/\/asta-giessen.de\/?p=2898"},"modified":"2018-01-09T14:24:07","modified_gmt":"2018-01-09T13:24:07","slug":"europa-zuerst-diskussionsveranstaltung-mit-prof-dr-claus-leggewie-udo-bullmann-mdep","status":"publish","type":"post","link":"https:\/\/www.asta-giessen.de\/en\/europa-zuerst-diskussionsveranstaltung-mit-prof-dr-claus-leggewie-udo-bullmann-mdep\/","title":{"rendered":"Europa zuerst!? Diskussionsveranstaltung mit Prof. Dr. Claus Leggewie &#038; Udo Bullmann (MdEP)"},"content":{"rendered":"<p>Unsere Generation ist in einem vereinten Europa aufgewachsen, in der l\u00e4ngsten Friedensphase seit Beginn der Geschichtsschreibung. Doch mittlerweile erstarken in allen Mitgliedsl\u00e4ndern nationalistische Str\u00f6mungen, das Verh\u00e4ltnis scheint zerr\u00fcttelt und mit dem Brexit k\u00f6nnte es zum ersten Austritt in der Geschichte der EU kommen.<\/p>\n<p>Wie sieht dann das Europa der Zukunft aus?<\/p>\n<p>Wird sich dieses Europa erhalten k\u00f6nnen? Werden wir mehr Europa erleben oder singen wir bereits den Abgesang auf die EU? Bringen uns die Erneuerungsvorschl\u00e4ge von Emmanuel Macron weiter und wenn ja, wie? Welche Ideen und Ans\u00e4tz werden bereits in den Reihen der Europaparlamentarier*innen<wbr><\/wbr>\u00a0sowie der Bev\u00f6lkerung verfolgt und was scheint realistisch? Dar\u00fcber m\u00f6chten wir gemeinsam mit Prof. Dr. Claus Leggewie, Udo Bullmann und nat\u00fcrlich Euch diskutieren.<\/p>\n<p>Wann: Freitag, 19.01.2018, 19-21 Uhr<br \/>\nWo:\u00a0Zeughaus Gie\u00dfen, Gro\u00dfer H\u00f6rsaal,\u00a0Senckenbergstra\u00dfe 3, 35390 Gie\u00dfen<\/p>\n<p>Prof. Dr. Claus Leggewie ist Politikwissenschaftler und vertritt in seinem neuen Buch &#8220;Europa zuerst&#8221; die \u00dcberzeugung, dass wir bald in einem basisdemokratischen, b\u00fcrgernahen und sozial gerechten Europa leben werden.<\/p>\n<p>Udo Bullmann, MdEP, ist selbst \u00fcberzeugter Europ\u00e4er, stellvertretender Vorsitzender der sozialdemokratischen Fraktion und seit 1999 Vertreter f\u00fcr circa vier Millionen Menschen seines Wahlkreises im Europaparlament.<\/p>\n","protected":false},"excerpt":{"rendered":"<p>Unsere Generation ist in einem vereinten Europa aufgewachsen, in der l\u00e4ngsten Friedensphase seit Beginn der Geschichtsschreibung. Doch mittlerweile erstarken in allen Mitgliedsl\u00e4ndern nationalistische Str\u00f6mungen, das &hellip; <\/p>\n","protected":false},"author":34,"featured_media":2896,"comment_status":"closed","ping_status":"closed","sticky":false,"template":"","format":"standard","meta":{"footnotes":""},"categories":[391,397,395],"tags":[],"class_list":["post-2898","post","type-post","status-publish","format-standard","has-post-thumbnail","hentry","category-aktuelles","category-politische-bildung","category-events","latest_post"],"translation":{"provider":"WPGlobus","version":"3.0.2","language":"en","enabled_languages":["de","en"],"languages":{"de":{"title":true,"content":true,"excerpt":false},"en":{"title":false,"content":false,"excerpt":false}}},"_links":{"self":[{"href":"https:\/\/www.asta-giessen.de\/en\/wp-json\/wp\/v2\/posts\/2898","targetHints":{"allow":["GET"]}}],"collection":[{"href":"https:\/\/www.asta-giessen.de\/en\/wp-json\/wp\/v2\/posts"}],"about":[{"href":"https:\/\/www.asta-giessen.de\/en\/wp-json\/wp\/v2\/types\/post"}],"author":[{"embeddable":true,"href":"https:\/\/www.asta-giessen.de\/en\/wp-json\/wp\/v2\/users\/34"}],"replies":[{"embeddable":true,"href":"https:\/\/www.asta-giessen.de\/en\/wp-json\/wp\/v2\/comments?post=2898"}],"version-history":[{"count":0,"href":"https:\/\/www.asta-giessen.de\/en\/wp-json\/wp\/v2\/posts\/2898\/revisions"}],"wp:featuredmedia":[{"embeddable":true,"href":"https:\/\/www.asta-giessen.de\/en\/wp-json\/wp\/v2\/media\/2896"}],"wp:attachment":[{"href":"https:\/\/www.asta-giessen.de\/en\/wp-json\/wp\/v2\/media?parent=2898"}],"wp:term":[{"taxonomy":"category","embeddable":true,"href":"https:\/\/www.asta-giessen.de\/en\/wp-json\/wp\/v2\/categories?post=2898"},{"taxonomy":"post_tag","embeddable":true,"href":"https:\/\/www.asta-giessen.de\/en\/wp-json\/wp\/v2\/tags?post=2898"}],"curies":[{"name":"wp","href":"https:\/\/api.w.org\/{rel}","templated":true}]}}