{"id":3331,"date":"2019-02-12T11:39:52","date_gmt":"2019-02-12T10:39:52","guid":{"rendered":"http:\/\/asta-giessen.de\/?p=3331"},"modified":"2019-02-20T12:37:05","modified_gmt":"2019-02-20T11:37:05","slug":"die-jlu-ein-diskriminierungsfreier-raum","status":"publish","type":"post","link":"https:\/\/www.asta-giessen.de\/en\/die-jlu-ein-diskriminierungsfreier-raum\/","title":{"rendered":"Die JLU &#8211; Ein diskriminierungsfreier Raum ?!"},"content":{"rendered":"\n<pre class=\"wp-block-preformatted\">Liebe Studierende, bedauerlicherweise wurde uns in letzter Zeit mitgeteilt, dass es in Pr\u00fcfungssituationen an der JLU vermehrt zu fragw\u00fcrdigen Kontrollen vor und w\u00e4hrend der Pr\u00fcfung kam. Dies betrifft in dem Fall kopftuchtragende Personen, die dazu aufgefordert wurden aufgrund von Verdacht auf T\u00e4uschungsversuchen, unter ihr Kopftuch schauen zu lassen - dies geschah vor Augen aller in den Pr\u00fcfungsr\u00e4umen anwesenden Personen. Wir sind emp\u00f6rt \u00fcber ein solches Verhalten und werden dies auch nicht hinnehmen.  Generell dulden wir keine Diskriminierungen jeglicher Art und m\u00f6chten euch daher bitten und dazu ermutigen vergangene oder auch k\u00fcnftige Diskriminierungsf\u00e4lle zu melden und euch dagegen auszusprechen. Eure Erlebnisse und Erfahrungen k\u00f6nnt ihr uns gerne per Mail oder auch direkt im B\u00fcro des AStA mitteilen, damit wir \u00fcber weiteres sprechen k\u00f6nnen.  Jegliche Formen von Diskriminierung d\u00fcrfen nicht hingenommen werden. Daher ist es uns auch wichtig, wenn ihr Zeugen solcher F\u00e4lle seid, uns diese mitzuteilen. Oft f\u00fchlen sich n\u00e4mlich Betroffene ohnm\u00e4chtig und trauen sich nicht, Beschwerde einzureichen. <br \/><br \/>Hier sind die Anlaufstellen, an die ihr euch wenden k\u00f6nnt: <br \/><br \/>Referat f\u00fcr Antirassismus und Antifaschismus: <a href=\"mailto:antifa@asta-giessen.de\">antifa@asta-giessen.de<\/a><br \/>Ausl\u00e4ndische Studierendenvertretung: <a href=\"mailto:asv@asta-giessen.de\">asv@asta-giessen.de<\/a> <br \/>Autonome Bi*-Schwulen-Trans*-Queer-Referat: <a href=\"mailto:kontakt@schwulenreferat-gi.de\">kontakt@schwulenreferat-gi.de<\/a> <br \/><br \/>Unfortunately, we have recently been informed that there has been an increase of questionable inspections before and during exam situations at the JLU. This especially concerns students wearing headscarves who were requested to take off their headscarves due to suspicions of attempted cheating. It is important to stress that this was requested in the presence of all students present in the exam rooms. We are outraged by such behaviour and will not tolerate it. Therefore, we would like to encourage you to report former and\/or future cases of discrimination. You can tell us about your experiences by mail or directly in the office of the AStA. All forms of discrimination are unacceptable. Therefore, if you are to witness such cases, it is important to us that you inform us. Often those affected feel powerless and do not have the courage to lodge a complaint. <br \/><br \/>Referat f\u00fcr Antirassismus und Antifaschismus: <a href=\"mailto:antifa@asta-giessen.de\">antifa@asta-giessen.de<\/a> <br \/>Ausl\u00e4ndische Studierendenvertretung: <a href=\"mailto:asv@asta-giessen.de\">asv@asta-giessen.de<\/a> <br \/>Autonome Bi*-Schwulen-Trans*-Queer-Referat: <a href=\"mailto:kontakt@schwulenreferat-gi.de\">kontakt@schwulenreferat-gi.de<\/a><\/pre>\n","protected":false},"excerpt":{"rendered":"<p>Liebe Studierende, bedauerlicherweise wurde uns in letzter Zeit mitgeteilt, dass es in Pr\u00fcfungssituationen an der JLU vermehrt zu fragw\u00fcrdigen Kontrollen vor und w\u00e4hrend der Pr\u00fcfung &hellip; <\/p>\n","protected":false},"author":34,"featured_media":3333,"comment_status":"closed","ping_status":"closed","sticky":false,"template":"","format":"standard","meta":{"footnotes":""},"categories":[1],"tags":[],"class_list":["post-3331","post","type-post","status-publish","format-standard","has-post-thumbnail","hentry","category-allgemein","latest_post"],"translation":{"provider":"WPGlobus","version":"3.0.2","language":"en","enabled_languages":["de","en"],"languages":{"de":{"title":true,"content":true,"excerpt":false},"en":{"title":false,"content":false,"excerpt":false}}},"_links":{"self":[{"href":"https:\/\/www.asta-giessen.de\/en\/wp-json\/wp\/v2\/posts\/3331","targetHints":{"allow":["GET"]}}],"collection":[{"href":"https:\/\/www.asta-giessen.de\/en\/wp-json\/wp\/v2\/posts"}],"about":[{"href":"https:\/\/www.asta-giessen.de\/en\/wp-json\/wp\/v2\/types\/post"}],"author":[{"embeddable":true,"href":"https:\/\/www.asta-giessen.de\/en\/wp-json\/wp\/v2\/users\/34"}],"replies":[{"embeddable":true,"href":"https:\/\/www.asta-giessen.de\/en\/wp-json\/wp\/v2\/comments?post=3331"}],"version-history":[{"count":0,"href":"https:\/\/www.asta-giessen.de\/en\/wp-json\/wp\/v2\/posts\/3331\/revisions"}],"wp:featuredmedia":[{"embeddable":true,"href":"https:\/\/www.asta-giessen.de\/en\/wp-json\/wp\/v2\/media\/3333"}],"wp:attachment":[{"href":"https:\/\/www.asta-giessen.de\/en\/wp-json\/wp\/v2\/media?parent=3331"}],"wp:term":[{"taxonomy":"category","embeddable":true,"href":"https:\/\/www.asta-giessen.de\/en\/wp-json\/wp\/v2\/categories?post=3331"},{"taxonomy":"post_tag","embeddable":true,"href":"https:\/\/www.asta-giessen.de\/en\/wp-json\/wp\/v2\/tags?post=3331"}],"curies":[{"name":"wp","href":"https:\/\/api.w.org\/{rel}","templated":true}]}}