{"id":3369,"date":"2019-04-15T14:18:21","date_gmt":"2019-04-15T12:18:21","guid":{"rendered":"http:\/\/asta-giessen.de\/?p=3369"},"modified":"2019-04-15T14:18:25","modified_gmt":"2019-04-15T12:18:25","slug":"europawahl-2019","status":"publish","type":"post","link":"https:\/\/www.asta-giessen.de\/en\/europawahl-2019\/","title":{"rendered":"Europawahl 2019"},"content":{"rendered":"\n<p>Bald ist es wieder soweit. Die Europawahlen 2019 stehen an.\nVom 23. bis zum 26. Mai werden zum nun neunten Mal die Abgeordneten des\nEurop\u00e4ischen Parlaments gew\u00e4hlt. Dabei stellt das Parlament die einzig direkt\ngew\u00e4hlte Vertretung der B\u00fcrgerinnen und B\u00fcrger der EU dar. Das Parlament\nbesitzt eine Vielzahl von Aufgaben, die sich grob in die drei folgenden\nBereiche einteilen lassen:<\/p>\n\n\n\n<ul class=\"wp-block-list\"><li>Gesetzgebung \u2013 Verabschiedung von Gesetzen f\u00fcr\ndie gesamte EU<\/li><li>Demokratische Kontrollrechte \u2013 Kontrollfunktion\n\u00fcber andere Organe der EU <\/li><li>Haushaltsrecht \u2013 Entscheidungsgewalt \u00fcber\nHaushaltsentw\u00fcrfe<\/li><\/ul>\n\n\n\n<p>Du h\u00e4ttest gerne noch mehr Informationen rund um die\nEuropawahl? Kein Problem! Unter dem folgenden Link findest Du viel\nWissenswertes kompakt zusammengefasst:<\/p>\n\n\n\n<figure class=\"wp-block-embed alignleft\"><div class=\"wp-block-embed__wrapper\">\nhttp:\/\/europarl.europa.eu\/germany\/de\/europa-und-europawahlen\/europawahl-2019\n<\/div><\/figure>\n\n\n\n<p>Wahlberechtigt ist jeder, der\u2026.<\/p>\n\n\n\n<ul class=\"wp-block-list\"><li>mindestens 18 Jahre alt ist<\/li><li>l\u00e4nger als drei Monate in Deutschland oder einem\nanderen Mitgliedsstaat der EU lebt<\/li><li>im W\u00e4hlerverzeichnis der Heimatgemeinde eingetragen\nist<\/li><\/ul>\n\n\n\n<p>Wenn all diese Bedingungen erf\u00fcllt sind, kommt die\nWahlbenachrichtigung ohne Zutun zu Euch nach Hause. Auch eine Briefwahl ist\nm\u00f6glich. Der Wahlschein daf\u00fcr muss jedoch bei der Gemeinde des Hauptwohnsitzes\nbeantragt werden. <\/p>\n","protected":false},"excerpt":{"rendered":"<p>Bald ist es wieder soweit. Die Europawahlen 2019 stehen an. Vom 23. bis zum 26. Mai werden zum nun neunten Mal die Abgeordneten des Europ\u00e4ischen &hellip; <\/p>\n","protected":false},"author":34,"featured_media":3370,"comment_status":"closed","ping_status":"closed","sticky":false,"template":"","format":"standard","meta":{"footnotes":""},"categories":[1],"tags":[],"class_list":["post-3369","post","type-post","status-publish","format-standard","has-post-thumbnail","hentry","category-allgemein","latest_post"],"translation":{"provider":"WPGlobus","version":"3.0.2","language":"en","enabled_languages":["de","en"],"languages":{"de":{"title":true,"content":true,"excerpt":false},"en":{"title":false,"content":false,"excerpt":false}}},"_links":{"self":[{"href":"https:\/\/www.asta-giessen.de\/en\/wp-json\/wp\/v2\/posts\/3369","targetHints":{"allow":["GET"]}}],"collection":[{"href":"https:\/\/www.asta-giessen.de\/en\/wp-json\/wp\/v2\/posts"}],"about":[{"href":"https:\/\/www.asta-giessen.de\/en\/wp-json\/wp\/v2\/types\/post"}],"author":[{"embeddable":true,"href":"https:\/\/www.asta-giessen.de\/en\/wp-json\/wp\/v2\/users\/34"}],"replies":[{"embeddable":true,"href":"https:\/\/www.asta-giessen.de\/en\/wp-json\/wp\/v2\/comments?post=3369"}],"version-history":[{"count":0,"href":"https:\/\/www.asta-giessen.de\/en\/wp-json\/wp\/v2\/posts\/3369\/revisions"}],"wp:featuredmedia":[{"embeddable":true,"href":"https:\/\/www.asta-giessen.de\/en\/wp-json\/wp\/v2\/media\/3370"}],"wp:attachment":[{"href":"https:\/\/www.asta-giessen.de\/en\/wp-json\/wp\/v2\/media?parent=3369"}],"wp:term":[{"taxonomy":"category","embeddable":true,"href":"https:\/\/www.asta-giessen.de\/en\/wp-json\/wp\/v2\/categories?post=3369"},{"taxonomy":"post_tag","embeddable":true,"href":"https:\/\/www.asta-giessen.de\/en\/wp-json\/wp\/v2\/tags?post=3369"}],"curies":[{"name":"wp","href":"https:\/\/api.w.org\/{rel}","templated":true}]}}