{"id":3792,"date":"2019-11-10T17:28:30","date_gmt":"2019-11-10T16:28:30","guid":{"rendered":"https:\/\/www.asta-giessen.de\/?p=3792"},"modified":"2020-02-03T22:10:49","modified_gmt":"2020-02-03T21:10:49","slug":"aufstand-der-sachmittel-vollversammlung-der-studentisch-wissenschaftlich-beschaeftigten-an-der-jlu-und-wahl-einer-festen-studentischen-vertretung","status":"publish","type":"post","link":"https:\/\/www.asta-giessen.de\/en\/aufstand-der-sachmittel-vollversammlung-der-studentisch-wissenschaftlich-beschaeftigten-an-der-jlu-und-wahl-einer-festen-studentischen-vertretung\/","title":{"rendered":"Aufstand der Sachmittel &#8211; Vollversammlung der studentisch wissenschaftlich Besch\u00e4ftigten an der JLU und Wahl einer festen studentischen Vertretung"},"content":{"rendered":"\n<p><strong>Mittwoch, 20. November 2019, 18 Uhr<br \/>Phil I, H\u00f6rsaalgeb\u00e4ude, H\u00f6rsaal A4<\/strong><\/p>\n\n\n\n<p>Ob in der Bibliothek, dem HRZ, der Vorlesung, dem Seminar oder Tutorium \u2013 der universit\u00e4re Betrieb w\u00fcrde ohne die Mithilfe unz\u00e4hliger Studierender, die als wissenschaftliche Hilfskr\u00e4fte t\u00e4tig sind zum Erliegen kommen. So wichtig jene Hilfskr\u00e4fte f\u00fcr den reibungslosen Ablauf sind, so wenig abgesichert und informiert stellt sich ihre Situation dar. Noch immer ist prek\u00e4re Besch\u00e4ftigung in der Wissenschaft Standard und noch immer z\u00e4hlen studentische Besch\u00e4ftigte nicht als Arbeitnehmer*innen, sondern als Sachmittel! Arbeits- und Urlaubszeiten, Regelungen zum Krankheitsfall etc. unterliegen h\u00e4ufig der Willk\u00fcr der Chefin oder des Chefs. Aufgrund ihres Status als Sachmittel k\u00f6nnen studentische Besch\u00e4ftigte keinerlei Rechte einfordern und bleiben allzu oft auf sich allein gestellt.&nbsp;<\/p>\n\n\n\n<p>Dieser Zustand ist unhaltbar und Bedarf der gemeinsamen Organisierung<\/p>\n\n\n\n<ul class=\"wp-block-list\"><li> deshalb findet am 20.11. eine Vollversammlung statt, in welcher aktuelle Probleme sachkundig vorgestellt und in einen rechtlichen sowie politischen Kontext gesetzt werden.&nbsp;<\/li><\/ul>\n\n\n\n<ul class=\"wp-block-list\"><li> deshalb wird die Vollversammlung einen sicheren Raum des Austausches f\u00fcr die Probleme studentisch Besch\u00e4ftigter sein.&nbsp;<\/li><\/ul>\n\n\n\n<ul class=\"wp-block-list\"><li>deshalb erfolgt die Wahl und der strukturelle Aufbau einer studentischen Vertretung von und f\u00fcr Studierende.<\/li><\/ul>\n\n\n\n<p>Du bist an der JLU studentisch besch\u00e4ftigt und hast es satt nur \u201eSachmittel\u201c zu sein? Dann komm am 20.11. um 18 Uhr zur Vollversammlung, tausche dich aus und werde aktiv!&nbsp;<strong>&nbsp;<\/strong><\/p>\n","protected":false},"excerpt":{"rendered":"<p>Mittwoch, 20. November 2019, 18 UhrPhil I, H\u00f6rsaalgeb\u00e4ude, H\u00f6rsaal A4 Ob in der Bibliothek, dem HRZ, der Vorlesung, dem Seminar oder Tutorium \u2013 der universit\u00e4re &hellip; <\/p>\n","protected":false},"author":34,"featured_media":3793,"comment_status":"closed","ping_status":"closed","sticky":false,"template":"","format":"standard","meta":{"footnotes":""},"categories":[391,1,497],"tags":[],"class_list":["post-3792","post","type-post","status-publish","format-standard","has-post-thumbnail","hentry","category-aktuelles","category-allgemein","category-archiev","latest_post"],"translation":{"provider":"WPGlobus","version":"3.0.2","language":"en","enabled_languages":["de","en"],"languages":{"de":{"title":true,"content":true,"excerpt":false},"en":{"title":false,"content":false,"excerpt":false}}},"_links":{"self":[{"href":"https:\/\/www.asta-giessen.de\/en\/wp-json\/wp\/v2\/posts\/3792","targetHints":{"allow":["GET"]}}],"collection":[{"href":"https:\/\/www.asta-giessen.de\/en\/wp-json\/wp\/v2\/posts"}],"about":[{"href":"https:\/\/www.asta-giessen.de\/en\/wp-json\/wp\/v2\/types\/post"}],"author":[{"embeddable":true,"href":"https:\/\/www.asta-giessen.de\/en\/wp-json\/wp\/v2\/users\/34"}],"replies":[{"embeddable":true,"href":"https:\/\/www.asta-giessen.de\/en\/wp-json\/wp\/v2\/comments?post=3792"}],"version-history":[{"count":0,"href":"https:\/\/www.asta-giessen.de\/en\/wp-json\/wp\/v2\/posts\/3792\/revisions"}],"wp:featuredmedia":[{"embeddable":true,"href":"https:\/\/www.asta-giessen.de\/en\/wp-json\/wp\/v2\/media\/3793"}],"wp:attachment":[{"href":"https:\/\/www.asta-giessen.de\/en\/wp-json\/wp\/v2\/media?parent=3792"}],"wp:term":[{"taxonomy":"category","embeddable":true,"href":"https:\/\/www.asta-giessen.de\/en\/wp-json\/wp\/v2\/categories?post=3792"},{"taxonomy":"post_tag","embeddable":true,"href":"https:\/\/www.asta-giessen.de\/en\/wp-json\/wp\/v2\/tags?post=3792"}],"curies":[{"name":"wp","href":"https:\/\/api.w.org\/{rel}","templated":true}]}}