{"id":3999,"date":"2019-11-27T09:00:00","date_gmt":"2019-11-27T08:00:00","guid":{"rendered":"https:\/\/www.asta-giessen.de\/?p=3999"},"modified":"2019-11-26T19:47:03","modified_gmt":"2019-11-26T18:47:03","slug":"resolution-gegen-krieg-solidaritaet-mit-rojava","status":"publish","type":"post","link":"https:\/\/www.asta-giessen.de\/en\/resolution-gegen-krieg-solidaritaet-mit-rojava\/","title":{"rendered":"Resolution: Gegen Krieg &#8211; Solidarit\u00e4t mit Rojava!"},"content":{"rendered":"\n<p>Am 9. Oktober startete die T\u00fcrkei einen v\u00f6lkerrechtswidrigen Angriffskrieg gegen die selbstverwaltete und multiethnische Demokratische F\u00f6deration Nord- und Ostsyrien (Rojava). In diesem einmaligen Projekt bezieht man sich auf Abdullah \u00d6calans Konzept des Demokratischen Konf\u00f6deralismus. Frauenbefreiung, Basisdemokratie und \u00d6kologie stehen im Vordergrund, was Rojava zu einem Ort der Sicherheit und Zukunftsf\u00e4higkeit in der zerr\u00fctteten Region macht. <\/p>\n\n\n\n<p>Als die kurdischen\nFrauenverteidigungseinheiten YPJ und Volksverteidigungseinheiten YPG den Daesh\n(sog. IS) bek\u00e4mpften, kooperierten u.a. die USA mit ihnen. Doch w\u00e4hrend diese\nim B\u00fcndnis mit arabischen und christlichen Verb\u00e4nden als Syrian Democratic\nForces (SDF) unter hohen Verlusten gegen den Terror k\u00e4mpften, ging die\nVerfolgung kurdischer und mit ihnen solidarischen Strukturen in Deutschland\nweiter. Mithilfe des PKK-Verbots wurden und werden die kurdische Bewegung und\nihre internationalistischen Unterst\u00fctzer*innen kriminalisiert. Deshalb muss sich der politische Kampf in der\nBRD in Solidarit\u00e4t mit Rojava auch auf die Infragestellung und ggf. Aufhebung\ndes PKK-Verbots in seiner jetzigen Form konzentrieren.<\/p>\n\n\n\n<p>Nachdem Daesh\nterritorial besiegt wurde, hat die Staatengemeinschaft Rojava im Stich gelassen.\nHeute k\u00e4mpfen die YPJ und die YPG wieder gegen Daesh, nur steht dieser unter\nanderer Flagge \u2013 der t\u00fcrkischen. Erdogan hat diverse islamistische K\u00e4mpfer als\nVorhut seiner Armee rekrutiert.<\/p>\n\n\n\n<p>Wie die Zunahme islamistischer Anschl\u00e4ge in der Region zeigt, werden die Daesh-Terroristen nicht nur als t\u00fcrkische Milizen eingesetzt, sondern der Daesh profitiert selbst von Erdogans Krieg.\u00a0 Gef\u00e4ngnisse in Rojava, in denen viele tausend Daesh-K\u00e4mpfer und ihre Unterst\u00fctzer*innen sitzen, werden bombardiert. Massenausbr\u00fcche sind dadurch m\u00f6glich und bereits vorgekommen.<\/p>\n\n\n\n<p>W\u00e4hrend\nErdogan immer noch versucht, seinen Krieg als Anti-Terror-Operation\ndarzustellen, zeigt die Realit\u00e4t etwas Gegens\u00e4tzliches: die zivile Bev\u00f6lkerung\nwird angegriffen, neben Wohnh\u00e4usern und Schulen werden auch Krankenh\u00e4user und\nKrankenwagen vor Ort zum direkten Ziel. Fast alle internationalen\nJournalist*innen und Hilfsorganisationen haben die Gegend nach direktem\nBeschuss verlassen.<\/p>\n\n\n\n<p>Erdogan\nwill anstelle der dort ans\u00e4ssigen Ethnien Daesh-K\u00e4mpfer und deren Familien\nneuansiedeln, wie es bereits seit letztem Jahr in Afrin geschieht. Der\nt\u00fcrkische Angriff ist die Manifestation erzwungener Assimilierung, Vertreibung\nund Vernichtung ethnischer Minderheiten. Die Tatsache, dass Rojava ein multiethnisches\nProjekt ist, zeigt auf, dass kein Kampf zwischen T\u00fcrk*innen und Kurd*innen\ngef\u00fchrt wird, sondern ein ideologischer Kampf zwischen einer antipatriarchalen,\nbasisdemokratischen und \u00f6kologischen Gesellschaft auf der einen, und Faschismus\nund Islamismus auf der anderen Seite.<\/p>\n\n\n\n<p>W\u00e4hrend Bundesau\u00dfenminister\nHeiko Maas sich weigert, diesen Krieg als das zu bezeichnen, was er ist und von\nder Bundesregierung h\u00f6chstens Lippenbekenntnisse kommen, liefert die BRD\nweiterhin Kriegsmaterial an das faschistische t\u00fcrkische Regime. So soll vermieden\nwerden, dass Erdogan seine Drohung wahr macht und die Gefl\u00fcchteten, die er im\nAuftrag der EU auf Grundlage ihres schmutzigen Deals zur\u00fcckh\u00e4lt, weiter nach\nEuropa ziehen zu lassen. Zus\u00e4tzlich werden durch diesen Angriffskrieg noch\nviele tausende weitere Menschen zur Flucht gezwungen.<\/p>\n\n\n\n<p>Die JLU\nweigert sich weiterhin, eine zivile Universit\u00e4t zu werden und macht keine\nAnstalten, der euphemistisch als \u201esicherheitsrelevante Forschung\u201c bezeichneten\nKriegsforschung einen Riegel vorzuschieben. Stattdessen werden derartige\nForderungen unter Hinweis auf die sog. \u201eSt\u00e4ndige Kommission zu\nsicherheitsrelevanter Forschung\u201c abgetan \u2013 eine Kommission, die quasi nie tagt,\nauf Selbstauskunft der Forschenden angewiesen ist und keinerlei Mittel zur\nVerhinderung von Kriegsforschung besitzt. Doch nicht nur in der Forschung sind\ndie Gie\u00dfener Hochschulen weit vom Frieden entfernt. Auf einer gemeinsamen\nKarrieremesse im Dezember werden u.a. die Bundeswehr oder die Heuchelheimer\nFirma Schunk, die an der Herstellung von Kriegsmaterial beteiligt ist, f\u00fcr sich\nwerben.<\/p>\n\n\n\n<p>Daher\nfordern wir:<\/p>\n\n\n\n<ul class=\"wp-block-list\"><li>eine Positionierung von JLU und THM gegen den\nv\u00f6lkerrechtswidrigen Angriffskrieg der T\u00fcrkei,<\/li><li>das Aufmerksam machen auf diesen Krieg, z.B.\nin Form von Informations- oder Diskussionsveranstaltungen,<\/li><li>Solidarisierung, Zusammenarbeit und\nPartnerschaft der Gie\u00dfener Hochschulen mit der Rojava-Universit\u00e4t,<\/li><li>die Ausladung der Bundeswehr, Schunks und\nanderer in Krieg verwickelter Akteure von der Karrieremesse und \u00e4hnlichen\nVeranstaltungen sowie<\/li><li>die Etablierung einer wirksamen Zivilklausel\nund mit ausreichenden Kompetenzen ausgestatteter Kontrollorgane.<\/li><\/ul>\n\n\n\n<p>Wir fordern alle Studierenden auf, gegen diesen Krieg auf die Stra\u00dfe zu gehen und sich unter anderem an den Aktionen des Gie\u00dfener B\u00fcndnis f\u00fcr Frieden in Afrin zu beteiligen. Au\u00dferdem solidarisieren wir uns mit dem AStA Frankfurt und der JXK\/YXK die in Frankfurt eine schockierende Kollaboration zwischen einer deutschen Universit\u00e4t und t\u00fcrkischem Faschismus erleben m\u00fcssen.<\/p>\n\n\n\n<p>#riseup4rojava<\/p>\n\n\n\n<figure class=\"wp-block-image size-large\"><img loading=\"lazy\" decoding=\"async\" width=\"724\" height=\"1024\" src=\"https:\/\/www.asta-giessen.de\/wp-content\/uploads\/2019\/11\/Antrag-Resolution-Rojava_Seite_1-724x1024.jpg\" alt=\"\" class=\"wp-image-4000\" srcset=\"https:\/\/www.asta-giessen.de\/wp-content\/uploads\/2019\/11\/Antrag-Resolution-Rojava_Seite_1-724x1024.jpg 724w, https:\/\/www.asta-giessen.de\/wp-content\/uploads\/2019\/11\/Antrag-Resolution-Rojava_Seite_1-212x300.jpg 212w, https:\/\/www.asta-giessen.de\/wp-content\/uploads\/2019\/11\/Antrag-Resolution-Rojava_Seite_1-768x1086.jpg 768w, https:\/\/www.asta-giessen.de\/wp-content\/uploads\/2019\/11\/Antrag-Resolution-Rojava_Seite_1-1086x1536.jpg 1086w, https:\/\/www.asta-giessen.de\/wp-content\/uploads\/2019\/11\/Antrag-Resolution-Rojava_Seite_1-1448x2048.jpg 1448w, https:\/\/www.asta-giessen.de\/wp-content\/uploads\/2019\/11\/Antrag-Resolution-Rojava_Seite_1.jpg 1654w\" sizes=\"auto, (max-width: 724px) 100vw, 724px\" \/><\/figure>\n\n\n\n<figure class=\"wp-block-image size-large\"><img loading=\"lazy\" decoding=\"async\" width=\"724\" height=\"1024\" src=\"https:\/\/www.asta-giessen.de\/wp-content\/uploads\/2019\/11\/Antrag-Resolution-Rojava_Seite_2-724x1024.jpg\" alt=\"\" class=\"wp-image-4001\" srcset=\"https:\/\/www.asta-giessen.de\/wp-content\/uploads\/2019\/11\/Antrag-Resolution-Rojava_Seite_2-724x1024.jpg 724w, https:\/\/www.asta-giessen.de\/wp-content\/uploads\/2019\/11\/Antrag-Resolution-Rojava_Seite_2-212x300.jpg 212w, https:\/\/www.asta-giessen.de\/wp-content\/uploads\/2019\/11\/Antrag-Resolution-Rojava_Seite_2-768x1086.jpg 768w, https:\/\/www.asta-giessen.de\/wp-content\/uploads\/2019\/11\/Antrag-Resolution-Rojava_Seite_2-1086x1536.jpg 1086w, https:\/\/www.asta-giessen.de\/wp-content\/uploads\/2019\/11\/Antrag-Resolution-Rojava_Seite_2-1448x2048.jpg 1448w, https:\/\/www.asta-giessen.de\/wp-content\/uploads\/2019\/11\/Antrag-Resolution-Rojava_Seite_2.jpg 1654w\" sizes=\"auto, (max-width: 724px) 100vw, 724px\" \/><\/figure>\n","protected":false},"excerpt":{"rendered":"<p>Am 9. Oktober startete die T\u00fcrkei einen v\u00f6lkerrechtswidrigen Angriffskrieg gegen die selbstverwaltete und multiethnische Demokratische F\u00f6deration Nord- und Ostsyrien (Rojava). In diesem einmaligen Projekt bezieht &hellip; <\/p>\n","protected":false},"author":34,"featured_media":0,"comment_status":"closed","ping_status":"closed","sticky":false,"template":"","format":"standard","meta":{"footnotes":""},"categories":[391],"tags":[],"class_list":["post-3999","post","type-post","status-publish","format-standard","hentry","category-aktuelles","latest_post"],"translation":{"provider":"WPGlobus","version":"3.0.2","language":"en","enabled_languages":["de","en"],"languages":{"de":{"title":true,"content":true,"excerpt":false},"en":{"title":false,"content":false,"excerpt":false}}},"_links":{"self":[{"href":"https:\/\/www.asta-giessen.de\/en\/wp-json\/wp\/v2\/posts\/3999","targetHints":{"allow":["GET"]}}],"collection":[{"href":"https:\/\/www.asta-giessen.de\/en\/wp-json\/wp\/v2\/posts"}],"about":[{"href":"https:\/\/www.asta-giessen.de\/en\/wp-json\/wp\/v2\/types\/post"}],"author":[{"embeddable":true,"href":"https:\/\/www.asta-giessen.de\/en\/wp-json\/wp\/v2\/users\/34"}],"replies":[{"embeddable":true,"href":"https:\/\/www.asta-giessen.de\/en\/wp-json\/wp\/v2\/comments?post=3999"}],"version-history":[{"count":0,"href":"https:\/\/www.asta-giessen.de\/en\/wp-json\/wp\/v2\/posts\/3999\/revisions"}],"wp:attachment":[{"href":"https:\/\/www.asta-giessen.de\/en\/wp-json\/wp\/v2\/media?parent=3999"}],"wp:term":[{"taxonomy":"category","embeddable":true,"href":"https:\/\/www.asta-giessen.de\/en\/wp-json\/wp\/v2\/categories?post=3999"},{"taxonomy":"post_tag","embeddable":true,"href":"https:\/\/www.asta-giessen.de\/en\/wp-json\/wp\/v2\/tags?post=3999"}],"curies":[{"name":"wp","href":"https:\/\/api.w.org\/{rel}","templated":true}]}}