{"id":4006,"date":"2019-11-29T13:33:44","date_gmt":"2019-11-29T12:33:44","guid":{"rendered":"https:\/\/www.asta-giessen.de\/?p=4006"},"modified":"2019-11-29T13:40:22","modified_gmt":"2019-11-29T12:40:22","slug":"rassismus-in-der-hessischen-lehrkraefteakademie","status":"publish","type":"post","link":"https:\/\/www.asta-giessen.de\/en\/rassismus-in-der-hessischen-lehrkraefteakademie\/","title":{"rendered":"Rassismus in der Hessischen Lehrkr\u00e4fteakademie"},"content":{"rendered":"\n<p>Uns und weitere Organisationen sowie die Presse hat eine Recherche einer anonymen Gruppe erreicht, die skandal\u00f6se rassistische Vorf\u00e4lle rund um die Hessische Lehrkr\u00e4fteakademie betreffen. <br \/> Wir fordern eine eindeutige Stellungnahme der Verantwortlichen, der Landesregierung und der Justus-Liebig-Universit\u00e4t sowie eine Versicherung daf\u00fcr, dass Menschen<br \/> in der Pr\u00fcfungsstelle nicht aufgrund ihrer Herkunft, ihrer religi\u00f6sen Zugeh\u00f6rigkeit oder ihrer politischen<br \/> Haltung benachteiligt oder diskriminiert werden!<br \/> Zudem fordern wir alle Studierenden dazu auf, sich aktiv an der Entwicklung einer Universit\u00e4t zu beteiligen,  an der solche Vorf\u00e4lle nicht mehr m\u00f6glich sind.<br \/> Dar\u00fcber hinaus fordern wir personelle Konsequenzen in der Gie\u00dfener Pr\u00fcfungsstelle der hessischen Lehrkr\u00e4fteakademie. <br \/> <br \/> Die ganze Recherche ist hier zu finden:<br \/> <br \/> <a rel=\"noreferrer noopener\" href=\"https:\/\/de.indymedia.org\/node\/48788?fbclid=IwAR3VoRSawkRmiWtDm5OWQ84tQUZkP9KHjiIp1Ribx4nthicPU8NZwdp0pmA\" target=\"_blank\">https:\/\/de.indymedia.org\/node\/48788<\/a>  <br \/><br \/>Solltet ihr von Diskriminierungsvorf\u00e4llen h\u00f6ren oder gar selbst  betroffen sein, k\u00f6nnt ihr euch gern bei uns im AStA melden unter antifa@asta-giessen.de <\/p>\n\n\n\n<p><\/p>\n\n\n\n<p><\/p>\n\n\n\n<p><\/p>\n\n\n\n<p><\/p>\n\n\n\n<p><\/p>\n","protected":false},"excerpt":{"rendered":"<p>Uns und weitere Organisationen sowie die Presse hat eine Recherche einer anonymen Gruppe erreicht, die skandal\u00f6se rassistische Vorf\u00e4lle rund um die Hessische Lehrkr\u00e4fteakademie betreffen. Wir &hellip; <\/p>\n","protected":false},"author":34,"featured_media":4007,"comment_status":"closed","ping_status":"closed","sticky":false,"template":"","format":"standard","meta":{"footnotes":""},"categories":[1],"tags":[],"class_list":["post-4006","post","type-post","status-publish","format-standard","has-post-thumbnail","hentry","category-allgemein","latest_post"],"translation":{"provider":"WPGlobus","version":"3.0.2","language":"en","enabled_languages":["de","en"],"languages":{"de":{"title":true,"content":true,"excerpt":false},"en":{"title":false,"content":false,"excerpt":false}}},"_links":{"self":[{"href":"https:\/\/www.asta-giessen.de\/en\/wp-json\/wp\/v2\/posts\/4006","targetHints":{"allow":["GET"]}}],"collection":[{"href":"https:\/\/www.asta-giessen.de\/en\/wp-json\/wp\/v2\/posts"}],"about":[{"href":"https:\/\/www.asta-giessen.de\/en\/wp-json\/wp\/v2\/types\/post"}],"author":[{"embeddable":true,"href":"https:\/\/www.asta-giessen.de\/en\/wp-json\/wp\/v2\/users\/34"}],"replies":[{"embeddable":true,"href":"https:\/\/www.asta-giessen.de\/en\/wp-json\/wp\/v2\/comments?post=4006"}],"version-history":[{"count":0,"href":"https:\/\/www.asta-giessen.de\/en\/wp-json\/wp\/v2\/posts\/4006\/revisions"}],"wp:featuredmedia":[{"embeddable":true,"href":"https:\/\/www.asta-giessen.de\/en\/wp-json\/wp\/v2\/media\/4007"}],"wp:attachment":[{"href":"https:\/\/www.asta-giessen.de\/en\/wp-json\/wp\/v2\/media?parent=4006"}],"wp:term":[{"taxonomy":"category","embeddable":true,"href":"https:\/\/www.asta-giessen.de\/en\/wp-json\/wp\/v2\/categories?post=4006"},{"taxonomy":"post_tag","embeddable":true,"href":"https:\/\/www.asta-giessen.de\/en\/wp-json\/wp\/v2\/tags?post=4006"}],"curies":[{"name":"wp","href":"https:\/\/api.w.org\/{rel}","templated":true}]}}