{"id":4012,"date":"2019-11-29T14:12:23","date_gmt":"2019-11-29T13:12:23","guid":{"rendered":"https:\/\/www.asta-giessen.de\/?p=4012"},"modified":"2020-02-03T22:09:20","modified_gmt":"2020-02-03T21:09:20","slug":"alternativer-wintermarkt","status":"publish","type":"post","link":"https:\/\/www.asta-giessen.de\/en\/alternativer-wintermarkt\/","title":{"rendered":"Alternativer Wintermarkt"},"content":{"rendered":"\n<p>Endlich ist es so weit &#8211; der alternative Wintermarkt geht in die zweite Runde!<br \/>Stattfinden wird der Wintermarkt am Samstag, den 07.12.2019, 15-20 Uhr in den R\u00e4umlichkeiten des Prototyps (Georg-Philipp-Gail-Stra\u00dfe 5, 35394 Gie\u00dfen). <\/p>\n\n\n\n<p>Freut euch auf ein buntes Rahmenprogramm mit Workshops, Musik, Feuerstelle, sowie veganen\/vegetarischen K\u00f6stlichkeiten und Punsch. Neben K\u00fcnstler<em>innen und Handwerker<\/em>innen, die ihre selbstgemachten Produkte ausstellen, pr\u00e4sentieren sich auch \u00f6kologisch und sozial orientierte Initiativen aus Gie\u00dfen. <\/p>\n\n\n\n<p>Und auch du kannst dabei mitwirken! Du strickst M\u00fctzen, machst die besten Pralinen Gie\u00dfens oder bastelst DIY-Weihnachtsdeko? Dann melde dich unter <br \/>oekologie@asta-uni.giessen.de an.<\/p>\n\n\n\n<p>Uns liegt es am Herzen, das Ganze so nachhaltig und \u00f6kologisch gerecht wie m\u00f6glich zu gestalten. Der Eintritt ist frei.<\/p>\n\n\n\n<p>Wir freuen uns \ud83d\ude42<\/p>\n","protected":false},"excerpt":{"rendered":"<p>Endlich ist es so weit &#8211; der alternative Wintermarkt geht in die zweite Runde!Stattfinden wird der Wintermarkt am Samstag, den 07.12.2019, 15-20 Uhr in den &hellip; <\/p>\n","protected":false},"author":34,"featured_media":4013,"comment_status":"closed","ping_status":"closed","sticky":false,"template":"","format":"standard","meta":{"footnotes":""},"categories":[1,497],"tags":[],"class_list":["post-4012","post","type-post","status-publish","format-standard","has-post-thumbnail","hentry","category-allgemein","category-archiev","latest_post"],"translation":{"provider":"WPGlobus","version":"3.0.2","language":"en","enabled_languages":["de","en"],"languages":{"de":{"title":true,"content":true,"excerpt":false},"en":{"title":false,"content":false,"excerpt":false}}},"_links":{"self":[{"href":"https:\/\/www.asta-giessen.de\/en\/wp-json\/wp\/v2\/posts\/4012","targetHints":{"allow":["GET"]}}],"collection":[{"href":"https:\/\/www.asta-giessen.de\/en\/wp-json\/wp\/v2\/posts"}],"about":[{"href":"https:\/\/www.asta-giessen.de\/en\/wp-json\/wp\/v2\/types\/post"}],"author":[{"embeddable":true,"href":"https:\/\/www.asta-giessen.de\/en\/wp-json\/wp\/v2\/users\/34"}],"replies":[{"embeddable":true,"href":"https:\/\/www.asta-giessen.de\/en\/wp-json\/wp\/v2\/comments?post=4012"}],"version-history":[{"count":0,"href":"https:\/\/www.asta-giessen.de\/en\/wp-json\/wp\/v2\/posts\/4012\/revisions"}],"wp:featuredmedia":[{"embeddable":true,"href":"https:\/\/www.asta-giessen.de\/en\/wp-json\/wp\/v2\/media\/4013"}],"wp:attachment":[{"href":"https:\/\/www.asta-giessen.de\/en\/wp-json\/wp\/v2\/media?parent=4012"}],"wp:term":[{"taxonomy":"category","embeddable":true,"href":"https:\/\/www.asta-giessen.de\/en\/wp-json\/wp\/v2\/categories?post=4012"},{"taxonomy":"post_tag","embeddable":true,"href":"https:\/\/www.asta-giessen.de\/en\/wp-json\/wp\/v2\/tags?post=4012"}],"curies":[{"name":"wp","href":"https:\/\/api.w.org\/{rel}","templated":true}]}}