{"id":4044,"date":"2019-12-07T17:18:00","date_gmt":"2019-12-07T16:18:00","guid":{"rendered":"https:\/\/www.asta-giessen.de\/?p=4044"},"modified":"2020-08-17T11:24:00","modified_gmt":"2020-08-17T09:24:00","slug":"pressemitteilung-des-asta-der-justus-liebig-universitaet-zu-den-vorwuerfen-gegen-die-pruefungsstelle-giessen-der-hessischen-lehrkraefteakademie","status":"publish","type":"post","link":"https:\/\/www.asta-giessen.de\/en\/pressemitteilung-des-asta-der-justus-liebig-universitaet-zu-den-vorwuerfen-gegen-die-pruefungsstelle-giessen-der-hessischen-lehrkraefteakademie\/","title":{"rendered":"Pressemitteilung des AStA der Justus-Liebig-Universit\u00e4t zu den Vorw\u00fcrfen gegen die Pr\u00fcfungsstelle Gie\u00dfen der Hessischen Lehrkr\u00e4fteakademie"},"content":{"rendered":"\n<p>Letzte Woche wurde von einer\nanonymen Gruppe eine Recherche \u00fcber die Pr\u00fcfungsstelle Gie\u00dfen der Hessischen\nLehrkr\u00e4fteakademie ver\u00f6ffentlicht, die schwere Vorw\u00fcrfe gegen den Leiter der\nPr\u00fcfungsstelle erhebt. Darin wird unter anderem von der Auslage\nantimuslimischer Texte in der Pr\u00fcfungsstelle sowie \u00fcber die Beeinflussung von\nPr\u00fcfungssituationen berichtet. Die bekannt gewordenen Vorf\u00e4lle zeichnen ein\nfortlaufendes Bild zu den bereits im Februar diesen Jahres vorgefallenen\nEreignissen im Bezug auf Diskriminierung an der Hessischen Lehrkr\u00e4fteakademie. <\/p>\n\n\n\n<p>Nachdem wir als AStA der\nJustus-Liebig Universit\u00e4t unsere Kan\u00e4le genutzt haben, um den Vorw\u00fcrfen nachzugehen,\nhaben sich mehrere Betroffene und Zeug*innen, die die Vorw\u00fcrfe best\u00e4tigen\nk\u00f6nnen, bei uns gemeldet. Wir stellen fest, dass Rassismus an der JLU und\nanderen Institutionen, die mit ihr in Verbindung stehen wie die Hessische\nLehrkr\u00e4fteakademie, leider noch zum Alltag geh\u00f6rt. Dass m\u00f6glicherweise\nDiskriminierung von der Pr\u00fcfungsstelle Gie\u00dfen ausgeht, ist ein unhaltbarer\nZustand. Wir fordern deshalb eine eindeutige Stellungnahme der Hessischen\nLehrkr\u00e4fteakademie sowie Konsequenzen f\u00fcr Personen, die sich in untragbarer\nWeise gegen\u00fcber Student*innen rassistisch und diskriminierend verhalten. <\/p>\n\n\n\n<p>Am Donnerstag den\n05.12.2019, fand ein Gespr\u00e4ch zwischen dem AStA und dem Pr\u00e4sidenten der\nJustus-Liebig-Universit\u00e4t, Joybrato Mukherjee, statt. Auch Herr Mukherjee nimmt\ndie Vorw\u00fcrfe sehr ernst und schlie\u00dft sich unseren Forderungen an. <\/p>\n\n\n\n<p>Seit einigen Tagen besteht\nzudem Kontakt zu Andreas Lenz, dem Pr\u00e4sidenten der Hessischen\nLehrkr\u00e4fteakademie. Bisher kam es jedoch nicht zu einer eindeutigen\nStellungnahme gegen\u00fcber dem AStA. Wir bedauern es sehr, dass die\nVerantwortlichen sich bisher noch nicht zu den Vorf\u00e4llen \u00f6ffentlich ge\u00e4u\u00dfert\nhaben. Sollte die Hessische Lehrkr\u00e4fteakademie selbst keine personellen\nKonsequenzen ziehen und damit ein eindeutiges Zeichen gegen Rassismus und\nDiskriminierung setzen, werden wir pr\u00fcfen, ob rechtliche Schritte eingeleitet\nwerden k\u00f6nnen. <\/p>\n\n\n\n<p>Wir appellieren an alle\nStudent*innen, Dozent*innen, Professor*innen und Mitarbeiter*innen der\nUniversit\u00e4t bei Rassismus nicht wegzuschauen. Betroffene und Zeug*innen von\nDiskriminierung k\u00f6nnen sich jederzeit an das Referat f\u00fcr Antifaschismus und\nAntidiskriminerung des AStA wenden. <\/p>\n\n\n\n<p>F\u00fcr eine\nUni ohne Rassismus!<\/p>\n","protected":false},"excerpt":{"rendered":"<p>Letzte Woche wurde von einer anonymen Gruppe eine Recherche \u00fcber die Pr\u00fcfungsstelle Gie\u00dfen der Hessischen Lehrkr\u00e4fteakademie ver\u00f6ffentlicht, die schwere Vorw\u00fcrfe gegen den Leiter der Pr\u00fcfungsstelle &hellip; <\/p>\n","protected":false},"author":34,"featured_media":0,"comment_status":"closed","ping_status":"closed","sticky":false,"template":"","format":"standard","meta":{"footnotes":""},"categories":[391,1,501],"tags":[],"class_list":["post-4044","post","type-post","status-publish","format-standard","hentry","category-aktuelles","category-allgemein","category-pressemitteilung","latest_post"],"translation":{"provider":"WPGlobus","version":"3.0.2","language":"en","enabled_languages":["de","en"],"languages":{"de":{"title":true,"content":true,"excerpt":false},"en":{"title":false,"content":false,"excerpt":false}}},"_links":{"self":[{"href":"https:\/\/www.asta-giessen.de\/en\/wp-json\/wp\/v2\/posts\/4044","targetHints":{"allow":["GET"]}}],"collection":[{"href":"https:\/\/www.asta-giessen.de\/en\/wp-json\/wp\/v2\/posts"}],"about":[{"href":"https:\/\/www.asta-giessen.de\/en\/wp-json\/wp\/v2\/types\/post"}],"author":[{"embeddable":true,"href":"https:\/\/www.asta-giessen.de\/en\/wp-json\/wp\/v2\/users\/34"}],"replies":[{"embeddable":true,"href":"https:\/\/www.asta-giessen.de\/en\/wp-json\/wp\/v2\/comments?post=4044"}],"version-history":[{"count":0,"href":"https:\/\/www.asta-giessen.de\/en\/wp-json\/wp\/v2\/posts\/4044\/revisions"}],"wp:attachment":[{"href":"https:\/\/www.asta-giessen.de\/en\/wp-json\/wp\/v2\/media?parent=4044"}],"wp:term":[{"taxonomy":"category","embeddable":true,"href":"https:\/\/www.asta-giessen.de\/en\/wp-json\/wp\/v2\/categories?post=4044"},{"taxonomy":"post_tag","embeddable":true,"href":"https:\/\/www.asta-giessen.de\/en\/wp-json\/wp\/v2\/tags?post=4044"}],"curies":[{"name":"wp","href":"https:\/\/api.w.org\/{rel}","templated":true}]}}