{"id":4130,"date":"2020-01-14T11:27:28","date_gmt":"2020-01-14T10:27:28","guid":{"rendered":"https:\/\/www.asta-giessen.de\/?p=4130"},"modified":"2020-02-03T21:17:55","modified_gmt":"2020-02-03T20:17:55","slug":"vortrag-antisemitismus-in-der-ddr","status":"publish","type":"post","link":"https:\/\/www.asta-giessen.de\/en\/vortrag-antisemitismus-in-der-ddr\/","title":{"rendered":"Vortrag von Harry Waibel: Antisemitismus in der DDR"},"content":{"rendered":"\r\n<ul class=\"wp-block-list\">\r\n<li>Am: Mittwoch den 15.01.2020<\/li>\r\n<li>Um: 19 Uhr<\/li>\r\n<li>Im: AK44 (Alter Wetzlarer Weg 44)<\/li>\r\n<li>Organisiert von: <a href=\"https:\/\/www.facebook.com\/IniGegenAntisemitismus\/\">Studentische Initiative gegen Antisemitismus Giessen<\/a> in Kooperation mit dem AStA der JLU<\/li>\r\n<\/ul>\r\n<div id=\"u_0_8\" class=\"_li\">\r\n<div id=\"globalContainer\" class=\"uiContextualLayerParent\">\r\n<div id=\"content\" class=\"fb_content clearfix \">\r\n<div class=\"clearfix\">\r\n<div class=\"_1qkq _1ql0\">\r\n<div id=\"content_container\">\r\n<div class=\"clearfix\">\r\n<div id=\"js_2\" class=\"_2pie _14i5 _1qkq _1qkx\" role=\"main\">\r\n<div class=\"_5zae _5vb_\" data-testid=\"event-permalink-main-column\">\r\n<div>\r\n<div id=\"event_tabs\">\r\n<div id=\"reaction_units\" data-referrer=\"reaction_units\">\r\n<div>\r\n<div id=\"u_0_n\">\r\n<div>\r\n<div class=\"_4l8o _4-u2  _4-u8\">\r\n<div class=\"_62hs _4-u3\">\r\n<div class=\"_63es _63et\">\r\n<div class=\"_63eu _63ev\">\r\n<div class=\"_63ew\" data-testid=\"event-permalink-details\">Antisemitismus in der DDR<\/div>\r\n<div class=\"_63ew\" data-testid=\"event-permalink-details\">Harry Waibel<\/div>\r\n<div class=\"_63ew\" data-testid=\"event-permalink-details\">Bis zum Untergang der DDR wurden neonazistische, rassistische und antisemitische Propaganda und Gewalttaten offiziell als ein Staatsgeheimnis behandelt und \u00fcber das Ende der DDR hinaus verleugnet und verdr\u00e4ngt. Unter den etwa 7000 neonazistischen Angriffe lag der Anteil antisemitischer Attacken bei etwa 900 und davon sind etwa 145 Sch\u00e4ndungen j\u00fcdischer Friedh\u00f6fe und Gr\u00e4ber. Die Straftaten sind ein Ausdruck der in allen Bezirken der DDR aktiven rechten Bewegung, deren organisatorische Zentren \u00fcber 100 neonazistische Gruppen bildeten. Die SED, besonders ihre F\u00fchrung, nahm die Rechten in der DDR bis Anfang 1988 kaum wahr. Seit der Vereinigung der beiden deutschen Staaten haben nach staatlichen Angaben mehrere hunderttausend rechte Propaganda- und Gewaltstraftaten stattgefunden. Es gab in diesem Zeitraum \u00fcber 370 Tote und tausende Verletzte. Der Anteil der T\u00e4ter stammt \u00fcberproportional aus den neuen L\u00e4ndern im Osten. F\u00e4lschlicherweise wurde behauptet, diese Entwicklung w\u00e4re ausschlie\u00dflich den \u00f6konomischen, sozialen und politischen Verwerfungen seit dem Vereinigungsprozess geschuldet. In beiden deutschen Staaten gab es Neonazismus, Rassismus und Antisemitismus. Sie bilden die historischen Voraussetzungen daf\u00fcr, dass es in der Gegenwart zu den brandgef\u00e4hrlichen gesellschaftspolitischen Verh\u00e4ltnissen kommen konnte. Ausgangspunkt f\u00fcr diese Entwicklung war die in beiden deutschen Staaten gescheiterte Entnazifizierung.<\/div>\r\n<\/div>\r\n<\/div>\r\n<\/div>\r\n<\/div>\r\n<\/div>\r\n<\/div>\r\n<\/div>\r\n<\/div>\r\n<\/div>\r\n<\/div>\r\n<\/div>\r\n<\/div>\r\n<\/div>\r\n<\/div>\r\n<\/div>\r\n<\/div>\r\n<\/div>\r\n<\/div>\r\n<\/div>\r\n\r\n<p><!--StartFragment--><\/p>","protected":false},"excerpt":{"rendered":"<p>Am: Mittwoch den 15.01.2020 Um: 19 Uhr Im: AK44 (Alter Wetzlarer Weg 44) Organisiert von: Studentische Initiative gegen Antisemitismus Giessen in Kooperation mit dem AStA &hellip; <\/p>\n","protected":false},"author":34,"featured_media":0,"comment_status":"closed","ping_status":"closed","sticky":false,"template":"","format":"standard","meta":{"footnotes":""},"categories":[1,497,395],"tags":[],"class_list":["post-4130","post","type-post","status-publish","format-standard","hentry","category-allgemein","category-archiev","category-events","latest_post"],"translation":{"provider":"WPGlobus","version":"3.0.2","language":"en","enabled_languages":["de","en"],"languages":{"de":{"title":true,"content":true,"excerpt":false},"en":{"title":false,"content":false,"excerpt":false}}},"_links":{"self":[{"href":"https:\/\/www.asta-giessen.de\/en\/wp-json\/wp\/v2\/posts\/4130","targetHints":{"allow":["GET"]}}],"collection":[{"href":"https:\/\/www.asta-giessen.de\/en\/wp-json\/wp\/v2\/posts"}],"about":[{"href":"https:\/\/www.asta-giessen.de\/en\/wp-json\/wp\/v2\/types\/post"}],"author":[{"embeddable":true,"href":"https:\/\/www.asta-giessen.de\/en\/wp-json\/wp\/v2\/users\/34"}],"replies":[{"embeddable":true,"href":"https:\/\/www.asta-giessen.de\/en\/wp-json\/wp\/v2\/comments?post=4130"}],"version-history":[{"count":0,"href":"https:\/\/www.asta-giessen.de\/en\/wp-json\/wp\/v2\/posts\/4130\/revisions"}],"wp:attachment":[{"href":"https:\/\/www.asta-giessen.de\/en\/wp-json\/wp\/v2\/media?parent=4130"}],"wp:term":[{"taxonomy":"category","embeddable":true,"href":"https:\/\/www.asta-giessen.de\/en\/wp-json\/wp\/v2\/categories?post=4130"},{"taxonomy":"post_tag","embeddable":true,"href":"https:\/\/www.asta-giessen.de\/en\/wp-json\/wp\/v2\/tags?post=4130"}],"curies":[{"name":"wp","href":"https:\/\/api.w.org\/{rel}","templated":true}]}}