{"id":4222,"date":"2020-01-19T22:39:40","date_gmt":"2020-01-19T21:39:40","guid":{"rendered":"https:\/\/www.asta-giessen.de\/?p=4222"},"modified":"2021-01-10T18:11:34","modified_gmt":"2021-01-10T17:11:34","slug":"vortragsreihe-verkehrswende-in-und-um-giessen","status":"publish","type":"post","link":"https:\/\/www.asta-giessen.de\/en\/vortragsreihe-verkehrswende-in-und-um-giessen\/","title":{"rendered":"Vortragsreihe Verkehrswende in und um Gie\u00dfen"},"content":{"rendered":"<p style=\"text-align: left;\"><a href=\"https:\/\/www.asta-giessen.de\/wp-content\/uploads\/2020\/01\/Sharepic-Verkehrswende-gesamt-e1579467093400.png\"><img loading=\"lazy\" decoding=\"async\" class=\"size-medium wp-image-4220 alignleft\" src=\"https:\/\/www.asta-giessen.de\/wp-content\/uploads\/2020\/01\/Sharepic-Verkehrswende-gesamt-300x300.png\" alt=\"\" width=\"300\" height=\"300\" \/><\/a>Im 1. Teil der Vortragsreihe (2. Teil im SoSe 2020) geht es am ersten von f\u00fcnf Terminen um die wichtige Frage wie eine Verkehrswende f\u00fcr Menschen aus dem Umland von St\u00e4dten gestaltet werden kann. Besonders f\u00fcr Angeh\u00f6rige der JLU d\u00fcrfte der Beitrag zu autofreien Campi sehr interessant sein, wird doch in den kommenden Jahren der gro\u00dfe Campus Philosophikum 1 umgebaut. Im dritten Beitrag besch\u00e4ftigen wir uns damit, welche Warenfl\u00fcsse mit Lastenr\u00e4dern komfortabel transportabel sind, bevor eine Veranstaltung zu autofreien Innenst\u00e4dten folgt. Der f\u00fcnfte Vortrag rundet die Reihe mit Einblicken in ganz konkrete Konzepte f\u00fcr die Stadt Gie\u00dfen inklusive Umland ab.<\/p>\n<p>Daten der Vortr\u00e4ge, Beschreibungen und alle weiteren Infos findet ihr auf unserer neuen Unterseite <a href=\"https:\/\/www.asta-giessen.de\/verkehrswende\/\">www.asta-giessen.de\/verkehrswende\/<\/a>.<\/p>\n<p>Setzt euch auf eure Drahtesel und mischt mit bei den dr\u00e4ngenden Fragen unserer mobilen Zukunft!<\/p>\n<p data-rich-text-format-boundary=\"true\">Weitere Informationen zu den Konzepten und Ideen der Gie\u00dfener Verkehrswende-Initiativen finden Sie <a href=\"http:\/\/www.projektwerkstatt.de\/index.php?domain_id=33\" target=\"_blank\" rel=\"noopener noreferrer\">auf der Seite der Projektwerkstatt<\/a>.<\/p>\n<h3>Downloads<\/h3>\n<ul>\n<li><a href=\"https:\/\/www.asta-giessen.de\/wp-content\/uploads\/2020\/01\/Pressemitteilung_Vortragsreihe_Verkehrswende-in-und-um-Gie%C3%9Fen_AStA.pdf\" target=\"_blank\" rel=\"noopener noreferrer\">Pressemitteilung<\/a><\/li>\n<li><a href=\"https:\/\/www.asta-giessen.de\/wp-content\/uploads\/2020\/01\/Flyer_Vortragsreihe_Verkehrswende-in-und-um-Gie%C3%9Fen_AStA.pdf\" target=\"_blank\" rel=\"noopener noreferrer\">Flyer<\/a><\/li>\n<li><a href=\"https:\/\/www.asta-giessen.de\/wp-content\/uploads\/2020\/01\/Plakat_Vortragsreihe_Verkehrswende-in-und-um-Gie%C3%9Fen_AStA.pdf\" target=\"_blank\" rel=\"noopener noreferrer\">Plakat<\/a><\/li>\n<\/ul>\n<h3>Die Positionen einiger Gie\u00dfener Parteien zur Verkehrswende<\/h3>\n<ul>\n<li><a href=\"https:\/\/www.asta-giessen.de\/wp-content\/uploads\/2020\/02\/Gie\u00dfener-LINKE-Positionspapier-Verkehrswende.pdf\">Gie\u00dfener LINKE Positionspapier Verkehrswende<\/a><\/li>\n<li><a href=\"https:\/\/www.asta-giessen.de\/wp-content\/uploads\/2020\/03\/SPD-Positionspapier-Verkehrswende.pdf\">SPD Positionspapier Verkehrswende<\/a><\/li>\n<li><a href=\"https:\/\/www.asta-giessen.de\/wp-content\/uploads\/2020\/02\/Gr\u00fcne-Positionspapier-Verkehrswende.pdf\">Gr\u00fcne Positionspapier Verkehrswende<\/a><\/li>\n<\/ul>\n<h3>Presseberichte zu den bisherigen Veranstaltungen<\/h3>\n<ul>\n<li>&#8220;Mobilit\u00e4t auf dem Lande&#8221; <a href=\"https:\/\/www.giessener-anzeiger.de\/lokales\/stadt-giessen\/nachrichten-giessen\/carsharing-in-giessen-neue-konzepte-auch-fur-verwaltungen-und-kommunen_21149777\">Gie\u00dfener Anzeiger<\/a>\u00a0<a href=\"https:\/\/www.giessener-allgemeine.de\/kreis-giessen\/gelingt-mobiliaetswende-13517424.html?fbclid=IwAR0VGDLgw_iGhWRRcmWYRpHfRyj1N7XQklKj9PqPKQSfAu1ETH3DUzZN3Xg\">Gie\u00dfener Allgemeine<\/a><\/li>\n<li>&#8220;Autofreier Campus&#8221; <a href=\"https:\/\/www.giessener-anzeiger.de\/lokales\/stadt-giessen\/nachrichten-giessen\/vortrag-in-giessen-experte-betont-die-bedeutung-der-parkraumbewirtschaftung_21193603?fbclid=IwAR3FSesXKGEoxVQQC8KPlYGYXR8lxQ_AnLp156cmswRZHbXjEm9HQfNekiw\">Gie\u00dfener Anzeiger<\/a>\u00a0<a href=\"https:\/\/www.giessener-allgemeine.de\/giessen\/parkplatz-kinderzimmer-13529322.html?fbclid=IwAR32y9M9ox9Oi9IaHojsac99Zhto-6M2bK1XK7eXfQCU5CAny2cErKg5Vwk\">Gie\u00dfener Allgemeine<\/a><\/li>\n<li>&#8220;Lasten auf die R\u00e4der&#8221; <a href=\"https:\/\/www.giessener-anzeiger.de\/lokales\/stadt-giessen\/nachrichten-giessen\/auch-in-giessen-lasten-auf-die-rader_21248620?fbclid=IwAR2T866yhX2oF87CZ5R50l5qWFUfbll8rqB8XgiKVV07qPW3B5-WhcCJg04\">Gie\u00dfener Anzeiger<\/a>\u00a0<a href=\"https:\/\/www.giessener-allgemeine.de\/giessen\/post-prinzip-13543242.html?fbclid=IwAR06mRoTjxpIbVXHtTA7efUUnQ1WWsIhRdwRN-OW0Ys4gQ9qwRrdS4X9vug\">Gie\u00dfener Allgemeine<\/a><\/li>\n<li>&#8220;Autofreie Innenstadt&#8221;\u00a0<a href=\"https:\/\/www.giessener-anzeiger.de\/lokales\/stadt-giessen\/nachrichten-giessen\/autofreie-innenstadte-sind-machbar-auch-in-giessen_21296842?fbclid=IwAR343UTnjNMUZdJHI3lv3wL8Be_5ZVEYTTgkhZ6G0HSfHr9wCmT9Y49n6I8\">Gie\u00dfener Anzeiger<\/a>\u00a0<a href=\"https:\/\/www.giessener-allgemeine.de\/giessen\/einmal-houten-13554258.html?fbclid=IwAR1vdPnuJzHxSH386Wd_6VbTm4IffbS1-ioqWYFV0cbCk7ltfo2kvf5DrAY\">Gie\u00dfener Allgemeine<\/a><\/li>\n<li>&#8220;Konkrete Vorschl\u00e4ge f\u00fcr Stadt und Umland&#8221;\u00a0<a href=\"https:\/\/www.giessener-allgemeine.de\/giessen\/mehr-wind-machen-13571910.html\">Gie\u00dfener Allgemeine<\/a><\/li>\n<li>Res\u00fcmee und Ausblick des ersten Veranstaltungsblocks <a href=\"https:\/\/www.giessener-anzeiger.de\/lokales\/stadt-giessen\/nachrichten-giessen\/verkehrswende-reihe-geht-weiter-film-im-ok-giessen_21355888\">Gie\u00dfener Anzeiger<\/a><\/li>\n<\/ul>\n<h3>Verantwortliche und Kontakt<\/h3>\n<p>Verantwortlich f\u00fcr die Durchf\u00fchrung der Vortragsreihe sind das Referat f\u00fcr Verkehr und Infrastruktur und das Referat f\u00fcr \u00d6kologie und Klimagerechtigkeit des AStA sowie eine Arbeitsgruppe aus verschiedenen Gie\u00dfener Verkehrswende-Initiativen. Fragen und Anregungen k\u00f6nnen an <a href=\"mailto:oekologie@asta-giessen.de\">oekologie@asta-giessen.de<\/a> gerichtet werden.<\/p>\n","protected":false},"excerpt":{"rendered":"<p>Im 1. Teil der Vortragsreihe (2. Teil im SoSe 2020) geht es am ersten von f\u00fcnf Terminen um die wichtige Frage wie eine Verkehrswende f\u00fcr &hellip; <\/p>\n","protected":false},"author":34,"featured_media":0,"comment_status":"closed","ping_status":"closed","sticky":false,"template":"","format":"standard","meta":{"footnotes":""},"categories":[497,18,395,14,415],"tags":[],"class_list":["post-4222","post","type-post","status-publish","format-standard","hentry","category-archiev","category-c39-oekologie","category-events","category-c14-verkehr","category-verkehrswende","latest_post"],"translation":{"provider":"WPGlobus","version":"3.0.2","language":"en","enabled_languages":["de","en"],"languages":{"de":{"title":true,"content":true,"excerpt":false},"en":{"title":false,"content":false,"excerpt":false}}},"_links":{"self":[{"href":"https:\/\/www.asta-giessen.de\/en\/wp-json\/wp\/v2\/posts\/4222","targetHints":{"allow":["GET"]}}],"collection":[{"href":"https:\/\/www.asta-giessen.de\/en\/wp-json\/wp\/v2\/posts"}],"about":[{"href":"https:\/\/www.asta-giessen.de\/en\/wp-json\/wp\/v2\/types\/post"}],"author":[{"embeddable":true,"href":"https:\/\/www.asta-giessen.de\/en\/wp-json\/wp\/v2\/users\/34"}],"replies":[{"embeddable":true,"href":"https:\/\/www.asta-giessen.de\/en\/wp-json\/wp\/v2\/comments?post=4222"}],"version-history":[{"count":0,"href":"https:\/\/www.asta-giessen.de\/en\/wp-json\/wp\/v2\/posts\/4222\/revisions"}],"wp:attachment":[{"href":"https:\/\/www.asta-giessen.de\/en\/wp-json\/wp\/v2\/media?parent=4222"}],"wp:term":[{"taxonomy":"category","embeddable":true,"href":"https:\/\/www.asta-giessen.de\/en\/wp-json\/wp\/v2\/categories?post=4222"},{"taxonomy":"post_tag","embeddable":true,"href":"https:\/\/www.asta-giessen.de\/en\/wp-json\/wp\/v2\/tags?post=4222"}],"curies":[{"name":"wp","href":"https:\/\/api.w.org\/{rel}","templated":true}]}}