{"id":4302,"date":"2020-01-27T15:59:31","date_gmt":"2020-01-27T14:59:31","guid":{"rendered":"https:\/\/www.asta-giessen.de\/?p=4302"},"modified":"2020-01-27T16:01:59","modified_gmt":"2020-01-27T15:01:59","slug":"aufruf-diskriminierungserfahrung-melden","status":"publish","type":"post","link":"https:\/\/www.asta-giessen.de\/en\/aufruf-diskriminierungserfahrung-melden\/","title":{"rendered":"Aufruf: Diskriminierungserfahrung melden"},"content":{"rendered":"<div class=\"page_wrap\">\n<div class=\"im_page_wrap\">\n<div class=\"im_page_split clearfix\">\n<div class=\"im_history_col_wrap im_history_loaded\">\n<div class=\"im_history_selected_wrap\">\n<div class=\"im_history_col\">\n<div class=\"im_history_wrap im_history_scrollable_wrap mobile_scrollable_wrap\">\n<div class=\"im_history_scrollable\">\n<div class=\"im_history im_history_selectable\">\n<div class=\"im_history_messages im_history_messages_group\">\n<div class=\"im_history_messages_peer\">\n<div class=\"im_history_message_wrap\">\n<div class=\"im_message_outer_wrap\">\n<div class=\"im_message_wrap clearfix\">\n<div class=\"im_content_message_wrap im_message_in im_message_fwd\">\n<div>\n<div class=\"im_message_body\">\n<div class=\"im_message_text\" dir=\"auto\">Liebe Student*innen, liebe Dozent*innen und Mitarbeiter*innen der JLU,<\/div>\n<div class=\"im_message_text\" dir=\"auto\">Ende 2019 hat eine anonyme Gruppe eine Recherche an den AStA herangetragen, die schwere Vorw\u00fcrfe gegen den Leiter der Pr\u00fcfungsstelle Gie\u00dfen der Hessischen Lehrkr\u00e4fteakademie Markus Posern erhebt. Posern soll demnach rassistische und vor allem muslim*innenfeindliche Texte in seiner Arbeitsstelle ausgelegt haben. Au\u00dferdem werden Diskriminierungsvorf\u00e4lle geschildert,<!--more--><\/p>\n<p>die von Posern ausgegangen seien. Nach Ver\u00f6ffentlichung der Recherche haben wir mehrere Gespr\u00e4che mit Student*innen und Dozent*innen der JLU gef\u00fchrt, die ebenfalls von Diskriminierungsvorf\u00e4llen im Zusammenhang mit der Pr\u00fcfungsstelle Gie\u00dfen berichtet haben.<br \/>\nWir nehmen die Vorw\u00fcrfe sehr ernst und arbeiten intensiv daran sie aufzukl\u00e4ren. Um den Vorw\u00fcrfen nachzugehen, sind wir aber auf eure Hilfe angewiesen: Wenn Ihr selbst diskriminierende Erfahrungen mit Markus Posern \u2013 oder anderen Mitarbeiter*innen der Pr\u00fcfungsstelle Gie\u00dfen &#8211; gemacht habt, mitbekommen habt, dass sich jemand in unangemessener Weise ge\u00e4u\u00dfert hat oder uns andere hilfreiche Informationen zukommen lassen k\u00f6nnt, setzt Euch mit uns in Verbindung. Mit den gesammelten Aussagen werden wir die Verantwortlichen konfrontieren und umgehende Konsequenzen fordern. Nur mit eurer Hilfe k\u00f6nnen wir daran arbeiten, dass das Studium an der JLU diskriminierungsfrei wird.<br \/>\nWir wissen um die schwierige Situation und die Angst der Betroffenen und Zeug*innen benachteiligt zu werden, wenn Aussagen gemacht werden. Deshalb versichern wir Euch, dass der AStA keine Informationen und Kontakte weitergeben wird, sofern diejenigen, die sich bei uns melden, dies nicht ausdr\u00fccklich w\u00fcnschen. Die Wahrung eurer Anonymit\u00e4t ist f\u00fcr uns oberstes Gebot. Wenn Ihr selbst nicht Betroffene oder Zeug*innen von Diskriminierung seid, helft Ihr, indem Ihr diesen Aufruf auf euren Kan\u00e4len teilt.<br \/>\nMeldet Euch per Mail bei Patricia Ruhland (Referentin f\u00fcr Antidiskriminierung des AStA) <a href=\"mailto:Patricia.Ruhland@wirtschaft.uni-giessen.de\" target=\"_blank\" rel=\"noopener noreferrer\">Patricia.Ruhland@wirtschaft.uni-giessen.de<\/a> oder kommt montags bis freitags von 10:00-14:00 in die R\u00e4ume des AStA.<br \/>\nWir danken Euch f\u00fcr eure Hilfe.<br \/>\nF\u00fcr ein Studium ohne Rassismus!<\/div>\n<\/div>\n<\/div>\n<\/div>\n<\/div>\n<\/div>\n<\/div>\n<\/div>\n<\/div>\n<\/div>\n<\/div>\n<\/div>\n<\/div>\n<\/div>\n<\/div>\n<\/div>\n<\/div>\n<\/div>\n","protected":false},"excerpt":{"rendered":"<p>Liebe Student*innen, liebe Dozent*innen und Mitarbeiter*innen der JLU, Ende 2019 hat eine anonyme Gruppe eine Recherche an den AStA herangetragen, die schwere Vorw\u00fcrfe gegen den &hellip; <\/p>\n","protected":false},"author":34,"featured_media":0,"comment_status":"closed","ping_status":"closed","sticky":false,"template":"","format":"standard","meta":{"footnotes":""},"categories":[381],"tags":[],"class_list":["post-4302","post","type-post","status-publish","format-standard","hentry","category-antirassismus","latest_post"],"translation":{"provider":"WPGlobus","version":"3.0.2","language":"en","enabled_languages":["de","en"],"languages":{"de":{"title":true,"content":true,"excerpt":false},"en":{"title":false,"content":false,"excerpt":false}}},"_links":{"self":[{"href":"https:\/\/www.asta-giessen.de\/en\/wp-json\/wp\/v2\/posts\/4302","targetHints":{"allow":["GET"]}}],"collection":[{"href":"https:\/\/www.asta-giessen.de\/en\/wp-json\/wp\/v2\/posts"}],"about":[{"href":"https:\/\/www.asta-giessen.de\/en\/wp-json\/wp\/v2\/types\/post"}],"author":[{"embeddable":true,"href":"https:\/\/www.asta-giessen.de\/en\/wp-json\/wp\/v2\/users\/34"}],"replies":[{"embeddable":true,"href":"https:\/\/www.asta-giessen.de\/en\/wp-json\/wp\/v2\/comments?post=4302"}],"version-history":[{"count":0,"href":"https:\/\/www.asta-giessen.de\/en\/wp-json\/wp\/v2\/posts\/4302\/revisions"}],"wp:attachment":[{"href":"https:\/\/www.asta-giessen.de\/en\/wp-json\/wp\/v2\/media?parent=4302"}],"wp:term":[{"taxonomy":"category","embeddable":true,"href":"https:\/\/www.asta-giessen.de\/en\/wp-json\/wp\/v2\/categories?post=4302"},{"taxonomy":"post_tag","embeddable":true,"href":"https:\/\/www.asta-giessen.de\/en\/wp-json\/wp\/v2\/tags?post=4302"}],"curies":[{"name":"wp","href":"https:\/\/api.w.org\/{rel}","templated":true}]}}