{"id":4356,"date":"2020-02-07T15:10:10","date_gmt":"2020-02-07T14:10:10","guid":{"rendered":"https:\/\/www.asta-giessen.de\/?p=4356"},"modified":"2020-08-17T11:33:13","modified_gmt":"2020-08-17T09:33:13","slug":"kritik-an-plaenen-der-jlu-den-klimaschutz-weiter-aufzuschieben","status":"publish","type":"post","link":"https:\/\/www.asta-giessen.de\/en\/kritik-an-plaenen-der-jlu-den-klimaschutz-weiter-aufzuschieben\/","title":{"rendered":"Kritik an Pl\u00e4nen der JLU den Klimaschutz weiter aufzuschieben."},"content":{"rendered":"<p>Statt die klaren Mahnungen des wissenschaftlichen Weltklimarats zu h\u00f6ren, steckt unsere Justus-Liebig-Univerist\u00e4t Gie\u00dfen den Kopf in den Sand: Der Senat will gerade keine weiteren direkten Nachhaltigkeitsma\u00dfnahmen vor 2022 Und das trotz konkreter Vorschl\u00e4ge studentischer Senatsmitglieder. Die Zeit dr\u00e4ngt.<\/p>\n<p>Prof. Dr. Joybrato Mukherjee und Angeh\u00f6rige des Pr\u00e4sidiums, bleiben Sie ihrem Motto treu: Gehen Sie neue Wege! Gehen Sie klimasch\u00fctzende Wege!<\/p>\n<p>Nehmen Sie sich ein Beispiel an anderen Hochschulen, richten Sie jetzt schon z. B. ein Green-Office ein.<\/p>\n<div id=\"accordions-4352\" class=\"accordions-4352 accordions\" data-accordions={&quot;lazyLoad&quot;:true,&quot;id&quot;:&quot;4352&quot;,&quot;event&quot;:&quot;click&quot;,&quot;collapsible&quot;:&quot;true&quot;,&quot;heightStyle&quot;:&quot;content&quot;,&quot;animateStyle&quot;:&quot;swing&quot;,&quot;animateDelay&quot;:1000,&quot;navigation&quot;:true,&quot;active&quot;:999,&quot;expandedOther&quot;:&quot;no&quot;}>\r\n                <div id=\"accordions-lazy-4352\" class=\"accordions-lazy\" accordionsId=\"4352\">\r\n                    <\/div>\r\n\r\n    <div class=\"items\"  style=\"display:none\" >\r\n    \r\n            <div post_id=\"4352\" itemcount=\"0\"  header_id=\"header-1581083730307\" id=\"header-1581083730307\" style=\"\" class=\"accordions-head head1581083730307 border-none\" toggle-text=\"\" main-text=\"PM: Studierendenvertreter*innen \u00fcben Kritik an dem auf zehn Jahre ausgelegten Fahrplan der JLU.\">\r\n                                    <span id=\"accordion-icons-1581083730307\" class=\"accordion-icons\">\r\n                        <span class=\"accordion-icon-active accordion-plus\"><i class=\"fa fas fa-chevron-up\"><\/i><\/span>\r\n                        <span class=\"accordion-icon-inactive accordion-minus\"><i class=\"fa fas fa-chevron-down\"><\/i><\/span>\r\n                    <\/span>\r\n                    <span id=\"header-text-1581083730307\" class=\"accordions-head-title\">PM: Studierendenvertreter*innen \u00fcben Kritik an dem auf zehn Jahre ausgelegten Fahrplan der JLU.<\/span>\r\n                            <\/div>\r\n            <div class=\"accordion-content content1581083730307 \">\r\n                <p><strong>Pressemitteilung des AStA<\/strong><\/p>\n<p><span style=\"font-family: Calibri, serif\">Der Allgemeine Studierendenausschuss <\/span><span style=\"font-family: Calibri, serif\">(AStA)<\/span><span style=\"font-family: Calibri, serif\"> der <\/span><span style=\"font-family: Calibri, serif\">Gie\u00dfener Universit\u00e4t<\/span> <span style=\"font-family: Calibri, serif\">kritisiert <\/span><span style=\"font-family: Calibri, serif\">in einem Statement auf ihrer Webseite die<\/span><span style=\"font-family: Calibri, serif\"> Ziele<\/span><span style=\"font-family: Calibri, serif\"> des<\/span> <span style=\"font-family: Calibri, serif\"> vorl\u00e4ufigen Entwicklungsplan <\/span><span style=\"font-family: Calibri, serif\">der Hochschule<\/span><span style=\"font-family: Calibri, serif\">, <\/span><span style=\"font-family: Calibri, serif\">der<\/span> <span style=\"font-family: Calibri, serif\">im Senat vergangenen Mittwoch <\/span><span style=\"font-family: Calibri, serif\">besprochen wurde<\/span><span style=\"font-family: Calibri, serif\">. <\/span><span style=\"font-family: Calibri, serif\">Das Nachhaltigkeitskapitel im Entwicklungsplan soll<\/span><span style=\"font-family: Calibri, serif\"> d<\/span><span style=\"font-family: Calibri, serif\">en<\/span> <span style=\"font-family: Calibri, serif\">gesamtuniversit\u00e4ren <\/span><span style=\"font-family: Calibri, serif\">Fahrtweg der JLU f\u00fcr die n\u00e4chsten zehn Jahre <\/span><span style=\"font-family: Calibri, serif\">skizzieren<\/span><span style=\"font-family: Calibri, serif\">.<\/span> <span style=\"font-family: Calibri, serif\">Darin steht, dass erst ab<\/span><span style=\"font-family: Calibri, serif\"> 2022 konkrete Ma\u00dfnahmen zur Abwendung der Klimakrise ergriffen werden sollen. \u201eDoch die Klimakrise wartet keine zwei weiteren Jahre auf ein noch zu erarbeitendes Strategiepapier. Die Zeit dr\u00e4ngt und w\u00e4hrend andere Hochschulen, wie die FU Berlin bereits 2025 klimaneutral sein m\u00f6chte, wird unsere Uni die Chance eine handfestes Zeichen zu setzen verspielen.\u201c sagte <\/span><span style=\"font-family: Calibri, serif\">ein*e<\/span><span style=\"font-family: Calibri, serif\"> Vertreter*in des AStA nach der Sitzung entsetzt. <\/span><\/p>\n<p><span style=\"font-family: Calibri, serif\">Studentische Senator*innen versuchten sich konstruktiv <\/span><span style=\"font-family: Calibri, serif\">in den Schreibprozess des Entwicklungsplans einzu<\/span><span style=\"font-family: Calibri, serif\">bringen<\/span><span style=\"font-family: Calibri, serif\">. Eine wohldurchdachte Era<\/span><span style=\"font-family: Calibri, serif\">r<\/span><span style=\"font-family: Calibri, serif\">beitung des strategischen Ma\u00dfnahmenpakets im Bereich Nachhaltigkeit wurde begr\u00fc\u00dft, jedoch wird das <\/span><span style=\"font-family: Calibri, serif\">priorit\u00e4re <\/span><span style=\"font-family: Calibri, serif\">Entwicklungsziel als <\/span><span style=\"font-family: Calibri, serif\">Grundlage der Strategie als <\/span><span style=\"font-family: Calibri, serif\">unvollst\u00e4ndig angesehen: \u201e<\/span><span style=\"font-family: Calibri, serif\">Schon jetzt k\u00f6nnten mehr \u00f6kologische Inhalte fachspezifisch in allen Studieng\u00e4ngen verpflichtend eingef\u00fchrt werden.\u201c <\/span><span style=\"font-family: Calibri, serif\">kommentierte<\/span> <span style=\"font-family: Calibri, serif\">ein*e Senator*in aus den Reihen der Studierenden das priorit\u00e4re Entwicklungsziel Nachhaltigkeit<\/span><span style=\"font-family: Calibri, serif\">. <\/span><span style=\"font-family: Calibri, serif\">Ebenso m\u00fcssten Nachhaltigkeitsbeauftragte eingef\u00fchrt werden, die bereits jetzt den Entwicklungsprozess \u00f6ffentlich begleiten w\u00fcrden und neben weiteren Wissenschaftler*innen der Arbeitsgruppe zur Erstellung der Nachhaltigkeitsstrategie grundlegende Daten zuliefern w\u00fcrden.<\/span><\/p>\n<p><span style=\"font-family: Calibri, serif\">Beide Vorschl\u00e4ge<\/span> <span style=\"font-family: Calibri, serif\">wurden im Senat eingebracht, jedoch <\/span><span style=\"font-family: Calibri, serif\">durch das Pr\u00e4sidium bel\u00e4chelt <\/span><span style=\"font-family: Calibri, serif\">und in<\/span> <span style=\"font-family: Calibri, serif\">einer spontanen <\/span><span style=\"font-family: Calibri, serif\">Abstimmung dem unvorbereiteten Senat \u00fcbergeben. <\/span><span style=\"font-family: Calibri, serif\">Das Ergebnis war mit einem Gro\u00dfteil an Enthaltungen erwartbar ern\u00fcchternd. Ein Lichtblick bleibt: Das Pr\u00e4sidium m\u00f6chte die Kritik bis zur n\u00e4chsten Sitzung am 25. M\u00e4rz in den \u00dcberarbeitungsprozess des Entwicklungsplans einflie\u00dfen lassen. Wir finden: Liebes Pr\u00e4sidium, bleiben Sie dem universit\u00e4ren Motto treu und gehen Sie neue Wege!<\/span><\/p>\n            <\/div>\r\n    \r\n            <div post_id=\"4352\" itemcount=\"1\"  header_id=\"header-1581083613254\" id=\"header-1581083613254\" style=\"\" class=\"accordions-head head1581083613254 border-none\" toggle-text=\"\" main-text=\"Hintergrund: Pr\u00e4sidium der JLU verkennt Dringlichkeit der Klimakrise.\">\r\n                                    <span id=\"accordion-icons-1581083613254\" class=\"accordion-icons\">\r\n                        <span class=\"accordion-icon-active accordion-plus\"><i class=\"fa fas fa-chevron-up\"><\/i><\/span>\r\n                        <span class=\"accordion-icon-inactive accordion-minus\"><i class=\"fa fas fa-chevron-down\"><\/i><\/span>\r\n                    <\/span>\r\n                    <span id=\"header-text-1581083613254\" class=\"accordions-head-title\">Hintergrund: Pr\u00e4sidium der JLU verkennt Dringlichkeit der Klimakrise.<\/span>\r\n                            <\/div>\r\n            <div class=\"accordion-content content1581083613254 \">\r\n                <p><span style=\"font-family: Calibri, serif\"><span style=\"font-size: small\"><span>Das Pr\u00e4sidium der Justus-Liebig-Universit\u00e4t Gie\u00dfen <\/span><\/span><\/span><span style=\"font-family: Calibri, serif\"><span style=\"font-size: small\"><span>als Spitze des Erkenntisbetriebs <\/span><\/span><\/span><span style=\"font-family: Calibri, serif\"><span style=\"font-size: small\"><span>offenbarte in der <\/span><\/span><\/span><span style=\"font-family: Calibri, serif\"><span style=\"font-size: small\"><span>vorgestrigen<\/span><\/span><\/span><span style=\"font-family: Calibri, serif\"><span style=\"font-size: small\"><span> Senatssitzung ein fragw\u00fcrdig <\/span><\/span><\/span><span style=\"font-family: Calibri, serif\"><span style=\"font-size: small\"><span>ausbauf\u00e4higes<\/span><\/span><\/span><span style=\"font-family: Calibri, serif\"><span style=\"font-size: small\"><span> Verst\u00e4ndnis eines verantwortungsbewussten Umgangs <\/span><\/span><\/span><span style=\"font-family: Calibri, serif\"><span style=\"font-size: small\"><span>mit der Klimakrise.* <\/span><\/span><\/span><span style=\"font-family: Calibri, serif\"><span style=\"font-size: small\"><span>D<\/span><\/span><\/span><span style=\"font-family: Calibri, serif\"><span style=\"font-size: small\"><span>ie <\/span><\/span><\/span><span style=\"font-family: Calibri, serif\"><span style=\"font-size: small\"><span><i>JLU<\/i><\/span><\/span><\/span><span style=\"font-family: Calibri, serif\"><span style=\"font-size: small\"><span> trug in der Vergangenheit in <\/span><\/span><\/span><span style=\"font-family: Calibri, serif\"><span style=\"font-size: small\"><span>vielseitigen<\/span><\/span><\/span><span style=\"font-family: Calibri, serif\"><span style=\"font-size: small\"><span> Forschungsvorhaben, z.B. in den Fachbereichen 08 und 09 <\/span><\/span><\/span><span style=\"font-family: Calibri, serif\"><span style=\"font-size: small\"><span>und <\/span><\/span><\/span><span style=\"font-family: Calibri, serif\"><span style=\"font-size: small\"><span>gr\u00f6\u00dferen<\/span><\/span><\/span> <span style=\"font-family: Calibri, serif\"><span style=\"font-size: small\"><span>Verbundprojekten, wie dem <\/span><\/span><\/span><span style=\"font-family: Calibri, serif\"><span style=\"font-size: small\"><span><i>FACE2FACE<\/i><\/span><\/span><\/span><span style=\"font-family: Calibri, serif\"><span style=\"font-size: small\"><span> Projekt zur <\/span><\/span><\/span><span style=\"font-family: Calibri, serif\"><span style=\"font-size: small\"><span>Anpassung<\/span><\/span><\/span> <span style=\"font-family: Calibri, serif\"><span style=\"font-size: small\"><span>an <\/span><\/span><\/span><span style=\"font-family: Calibri, serif\"><span style=\"font-size: small\"><span>den Klimawandel<\/span><\/span><\/span> <span style=\"font-family: Calibri, serif\"><span style=\"font-size: small\"><span>und <\/span><\/span><\/span><span style=\"font-family: Calibri, serif\"><span style=\"font-size: small\"><span>der<\/span><\/span><\/span> <span style=\"font-family: Calibri, serif\"><span style=\"font-size: small\"><span>Minderung<\/span><\/span><\/span> <span style=\"font-family: Calibri, serif\"><span style=\"font-size: small\"><span>dessen,<\/span><\/span><\/span> <span style=\"font-family: Calibri, serif\"><span style=\"font-size: small\"><span>zum nachhaltigen Erkenntisgewinn bei. Dar\u00fcber hinaus sind z<\/span><\/span><\/span><span style=\"font-family: Calibri, serif\"><span style=\"font-size: small\"><span>uk\u00fcnftig <\/span><\/span><\/span><span style=\"font-family: Calibri, serif\"><span style=\"font-size: small\"><span>erweiterte Forschungsschwerpunkte, wie die Einrichtung des<\/span><\/span><\/span><span style=\"font-family: Calibri, serif\"><span style=\"font-size: small\"><span> Think Tank<\/span><\/span><\/span><span style=\"font-family: Calibri, serif\"><span style=\"font-size: small\"><span>s<\/span><\/span><\/span><span style=\"font-family: Calibri, serif\"><span style=\"font-size: small\"><span> \"Panel on <\/span><\/span><\/span><span style=\"font-family: Calibri, serif\"><span style=\"font-size: small\"><span>P<\/span><\/span><\/span><span style=\"font-family: Calibri, serif\"><span style=\"font-size: small\"><span>lanetary Thinking\" <\/span><\/span><\/span><span style=\"font-family: Calibri, serif\"><span style=\"font-size: small\"><span>veranschlagt.<\/span><\/span><\/span><span style=\"font-family: Calibri, serif\"><span style=\"font-size: small\"><span> Mit d<\/span><\/span><\/span><span style=\"font-family: Calibri, serif\"><span style=\"font-size: small\"><span>er<\/span><\/span><\/span><span style=\"font-family: Calibri, serif\"><span style=\"font-size: small\"><span> Tradition <\/span><\/span><\/span><span style=\"font-family: Calibri, serif\"><span style=\"font-size: small\"><span>als <\/span><\/span><\/span><span style=\"font-family: Calibri, serif\"><span style=\"font-size: small\"><span>Vorreiterrolle von Universit\u00e4ten <\/span><\/span><\/span><span style=\"font-family: Calibri, serif\"><span style=\"font-size: small\"><span>im<\/span><\/span><\/span> <span style=\"font-family: Calibri, serif\"><span style=\"font-size: small\"><span>fakten<\/span><\/span><\/span><span style=\"font-family: Calibri, serif\"><span style=\"font-size: small\"><span>basierten Hochschulraum brach das Pr\u00e4sidium heute als es den zweiten Teil eines Entwicklungsplans f\u00fcr diese<\/span><\/span><\/span><span style=\"font-family: Calibri, serif\"><span style=\"font-size: small\"><span>s Jahrzehnt<\/span><\/span><\/span><span style=\"font-family: Calibri, serif\"><span style=\"font-size: small\"><span> vorlegte.<\/span><\/span><\/span><\/p>\n<p><span style=\"font-family: Calibri, serif\"><span style=\"font-size: small\"><span>Was ist passiert?<\/span><\/span><\/span><\/p>\n<p><span style=\"font-family: Calibri, serif\"><span style=\"font-size: small\"><span>Ein \"Weiter So\" <\/span><\/span><\/span><span style=\"font-family: Calibri, serif\"><span style=\"font-size: small\"><span>bis 2022<\/span><\/span><\/span> <span style=\"font-family: Calibri, serif\"><span style=\"font-size: small\"><span>in allen<\/span><\/span><\/span> <span style=\"font-family: Calibri, serif\"><span style=\"font-size: small\"><span>Leistungsdimension der <\/span><\/span><\/span><span style=\"font-family: Calibri, serif\"><span style=\"font-size: small\"><span><i>JLU<\/i><\/span><\/span><\/span> <span style=\"font-family: Calibri, serif\"><span style=\"font-size: small\"><span><i>ist<\/i><\/span><\/span><\/span> <span style=\"font-family: Calibri, serif\"><span style=\"font-size: small\"><span>unhaltbar. <\/span><\/span><\/span><span style=\"font-family: Calibri, serif\"><span style=\"font-size: small\"><span>Statt sich an den Empfehlungen des wissenschaftlichen Weltklimrats IPCC zu orientieren, steckt<\/span><\/span><\/span><span style=\"font-family: Calibri, serif\"><span style=\"font-size: small\"><span> das Pr\u00e4sidium in Hinsicht auf die Verwaltungsstrukturen und Lehrangebote der <\/span><\/span><\/span><span style=\"font-family: Calibri, serif\"><span style=\"font-size: small\"><span><i>JLU <\/i><\/span><\/span><\/span><span style=\"font-family: Calibri, serif\"><span style=\"font-size: small\"><span>den <\/span><\/span><\/span><span style=\"font-family: Calibri, serif\"><span style=\"font-size: small\"><span>Kopf in den<\/span><\/span><\/span><span style=\"font-family: Calibri, serif\"><span style=\"font-size: small\"><span> Sand.<\/span><\/span><\/span><span style=\"font-family: Calibri, serif\"><span style=\"font-size: small\"><span> Bis konkrete Ma\u00dfnahmen ergriffen werden sollen, verstreichen nach der aktuellen Version des Entwicklungsplan<\/span><\/span><\/span><span style=\"font-family: Calibri, serif\"><span style=\"font-size: small\"><span>s<\/span><\/span><\/span><span style=\"font-family: Calibri, serif\"><span style=\"font-size: small\"><span> zwei weitere wertvolle Jahre. Zwar ist die Aufstellung einer ausgewogenen Nachhaltigkeitsstrategie <\/span><\/span><\/span><span style=\"font-family: Calibri, serif\"><span style=\"font-size: small\"><span>begr\u00fc\u00dfenswert. Auch der Weg dahin l\u00e4sst auf Verbesserungen hoffen. Schlie\u00dflich sollen an der<\/span><\/span><\/span><span style=\"font-family: Calibri, serif\"><span style=\"font-size: small\"><span> Erabeitung, Weiterentwicklung und Kontrolle dieser <\/span><\/span><\/span><span style=\"font-family: Calibri, serif\"><span style=\"font-size: small\"><span>Strategie <\/span><\/span><\/span><span style=\"font-family: Calibri, serif\"><span style=\"font-size: small\"><span>das<\/span><\/span><\/span><span style=\"font-family: Calibri, serif\"><span style=\"font-size: small\"><span> Pr\u00e4sidium, Wissenschaftler*innen und Studierende beteiligt werden.<\/span><\/span><\/span> <span style=\"font-family: Calibri, serif\"><span style=\"font-size: small\"><span>Jedoch darf sich<\/span><\/span><\/span><span style=\"font-family: Calibri, serif\"><span style=\"font-size: small\"><span> das Pr\u00e4sidium <\/span><\/span><\/span><span style=\"font-family: Calibri, serif\"><span style=\"font-size: small\"><span>hinter dem Vorhaben <\/span><\/span><\/span><span style=\"font-family: Calibri, serif\"><span style=\"font-size: small\"><span>f\u00fcr die n\u00e4chsten Jahre nicht verstecken und vorhandene Ideen ablehnend aufschieben. <\/span><\/span><\/span><\/p>\n<p><span style=\"font-family: Calibri, serif\"><span style=\"font-size: small\"><span>Was wurde abgelehnt?<\/span><\/span><\/span><\/p>\n<p><span style=\"font-family: Calibri, serif\"><span style=\"font-size: small\"><span>Sp\u00e4testens seit Sommer letzten Jahres liegen dem Pr\u00e4sidium verschiedene Konzepte vor um Entscheidungsprozesse, Handlungen und <\/span><\/span><\/span><span style=\"font-family: Calibri, serif\"><span style=\"font-size: small\"><span>die <\/span><\/span><\/span><span style=\"font-family: Calibri, serif\"><span style=\"font-size: small\"><span>Studi<\/span><\/span><\/span><span style=\"font-family: Calibri, serif\"><span style=\"font-size: small\"><span>eng\u00e4nge<\/span><\/span><\/span><span style=\"font-family: Calibri, serif\"><span style=\"font-size: small\"><span> \u00f6kologisch gerechter zu gestalten. Eines dieser Konzepte umfasst die Installation eines Green Offices, ein weiteres die Besch\u00e4ftigung von Nachhaltigkeitsbeauftragten auf zentraler und dezentraler Ebene. Das unter anderem bereits an der TU Darmstadt erprobte Green Office-Konzept wurde nach Pseudogegenargumenten des Pr\u00e4sidenten Prof. Dr. Joybrato Mukherjee als Entwicklungsziel bis 2030 abgewiesen. <\/span><\/span><\/span><span style=\"font-family: Calibri, serif\"><span style=\"font-size: small\"><span>GreenOffices sollen innerhalb der Hochschule Information<\/span><\/span><\/span><span style=\"font-family: Calibri, serif\"><span style=\"font-size: small\"><span>s<\/span><\/span><\/span><span style=\"font-family: Calibri, serif\"><span style=\"font-size: small\"><span>- und Vernetzungsangebote schaffen und eigenst\u00e4ndige Projektarbeit realisieren. <\/span><\/span><\/span><span style=\"font-family: Calibri, serif\"><span style=\"font-size: small\"><span>Wenn bundesweit \u00fcber 30 Hochschulen Green Offices eingesetzt haben oder dies planen, ist der Vorwand, dass Einbindungsvorschl\u00e4ge in vorhandene Personalstrukturen fehlen w\u00fcrden, schlicht falsch. <\/span><\/span><\/span><\/p>\n<p><span style=\"font-family: Calibri, serif\"><span style=\"font-size: small\"><span>Trotz F\u00fcrrede von studentischen Senator*innen und beratenden Mitarbeiter*innen, sowie Stimmen von wissenschaftlichen Mitarbeiter*innen und profess<\/span><\/span><\/span><span style=\"font-family: Calibri, serif\"><span style=\"font-size: small\"><span>o<\/span><\/span><\/span><span style=\"font-family: Calibri, serif\"><span style=\"font-size: small\"><span>ralen Senator*innen der <\/span><\/span><\/span><span style=\"font-family: Calibri, serif\"><span style=\"font-size: small\"><span><i>JLU<\/i><\/span><\/span><\/span><span style=\"font-family: Calibri, serif\"><span style=\"font-size: small\"><span> wurde die <\/span><\/span><\/span><span style=\"font-family: Calibri, serif\"><span style=\"font-size: small\"><span>Versch\u00e4rfung des Entwicklungsziels Nachhaltigkeit, auch in der <\/span><\/span><\/span><span style=\"font-family: Calibri, serif\"><span style=\"font-size: small\"><span>Schaffung von Nachhaltigkeitsbeauftragten mit Verweis auf die fehlende gesetzliche Verankerung im Hessischen Hochschulgesetz abgelehnt. Dabei lie\u00dfen sich in der Schaffung jener Parallelen zu existierenden Beauftragten, wie der Gleichstellungsbeauftragten, ziehen. <\/span><\/span><\/span><span style=\"font-family: Calibri, serif\"><span style=\"font-size: small\"><span>Neben den Analogien gibt es vergleichbare Ansprechpersonen bereits an anderen Hochschulen. An dieser Stelle sei die<\/span><\/span><\/span><span style=\"font-family: Calibri, serif\"><span style=\"font-size: small\"><span> Scientist-For-Future-Beauftragte an der Universit\u00e4t Salzburg <\/span><\/span><\/span><span style=\"font-family: Calibri, serif\"><span style=\"font-size: small\"><span>genannt.<\/span><\/span><\/span> <span style=\"font-family: Calibri, serif\"><span style=\"font-size: small\"><span>D<\/span><\/span><\/span><span style=\"font-family: Calibri, serif\"><span style=\"font-size: small\"><span>ie<\/span><\/span><\/span><span style=\"font-family: Calibri, serif\"><span style=\"font-size: small\"><span>se und Weitere Best-Practice Beispiele<\/span><\/span><\/span> <span style=\"font-family: Calibri, serif\"><span style=\"font-size: small\"><span>sollten dem Pr\u00e4sidium die Augen f\u00fcr die Machbarkeit der geforderten Organisationseinheiten \u00f6ffen. <\/span><\/span><\/span><\/p>\n<p><span style=\"font-family: Calibri, serif\"><span style=\"font-size: small\"><span>W<\/span><\/span><\/span><span style=\"font-family: Calibri, serif\"><span style=\"font-size: small\"><span>arum sollten konkrete Ma\u00dfnahmen in einen lose dynamischen Entwicklungsplan?<\/span><\/span><\/span><\/p>\n<p><span style=\"font-family: Calibri, serif\"><span style=\"font-size: small\"><span>Die Notwendigkeit <\/span><\/span><\/span><span style=\"font-family: Calibri, serif\"><span style=\"font-size: small\"><span>diese einzurichten<\/span><\/span><\/span><span style=\"font-family: Calibri, serif\"><span style=\"font-size: small\"><span> zeigt sich beispielsweise in Erstellung von gesamtuniversit\u00e4ren \u00d6kobilanzierungen. Diese Quittungen <\/span><\/span><\/span><span style=\"font-family: Calibri, serif\"><span style=\"font-size: small\"><span>weisen<\/span><\/span><\/span><span style=\"font-family: Calibri, serif\"><span style=\"font-size: small\"><span> die zu beackernden Handlungsfelder auf. <\/span><\/span><\/span><span style=\"font-family: Calibri, serif\"><span style=\"font-size: small\"><span>Damit<\/span><\/span><\/span><span style=\"font-family: Calibri, serif\"><span style=\"font-size: small\"><span> w\u00e4ren <\/span><\/span><\/span><span style=\"font-family: Calibri, serif\"><span style=\"font-size: small\"><span>sie ein<\/span><\/span><\/span><span style=\"font-family: Calibri, serif\"><span style=\"font-size: small\"><span> Schritt, der die Aufstellung des versprochenen Nachhaltigkeitskonzepts konstruktiv begleitet. Daf\u00fcr m\u00fcsste diese <\/span><\/span><\/span><span style=\"font-family: Calibri, serif\"><span style=\"font-size: small\"><span>Erhebungen<\/span><\/span><\/span><span style=\"font-family: Calibri, serif\"><span style=\"font-size: small\"><span> bereits jetzt angegangen werden. Hierbei bietet es sich an diese Aufgabe, unter Weiteren, in die H\u00e4nde eines Green Offices oder eines*r Nachhaltigkeitsbeauftragten zu geben. <\/span><\/span><\/span><\/p>\n<p><span style=\"font-family: Calibri, serif\"><span style=\"font-size: small\"><span>Was muss passieren?<\/span><\/span><\/span><\/p>\n<p><span style=\"font-family: Calibri, serif\"><span style=\"font-size: small\"><span>Wer die Zeichen der Zeit in ihrer Dringlichkeit drastischere Ma\u00dfnahmen zu ergreifen nicht erkennt, kann sich auch nicht hinter scheindemokratischen Abstimmungen zur Erhebung von Stimmungsbildern im Senat und Aussagen verstecken, dass man st\u00e4ndig den Kopf hinhalte, wof\u00fcr man keine Kompetenzen h\u00e4tte. Das Pr\u00e4sidium fordern wir auf bis zur Vorstellung des finalen Entwicklungsplans am 25. M\u00e4rz im Senat sich intensiver mit einem geeigneteren Entwicklungsziel Nachhaltigkeit zu besch\u00e4ftigten. <\/span><\/span><\/span><span style=\"font-family: Calibri, serif\"><span style=\"font-size: small\"><span>Dazu sei erneut auf bestehende Erfahrungen z.B. an der TU Darmstadt oder der Universit\u00e4t Salzburg und Ideen aus dem Ministerium f\u00fcr Wissenschaft und Kultur, der Zivilgesellschaft und Wissenschaftler*innen<\/span><\/span><\/span> <span style=\"font-family: Calibri, serif\"><span style=\"font-size: small\"><span>verwiesen. <\/span><\/span><\/span><span style=\"font-family: Calibri, serif\"><span style=\"font-size: small\"><span>In diesem Sinne <\/span><\/span><\/span><span style=\"font-family: Calibri, serif\"><span style=\"font-size: small\"><span>lohnt es sich einen Blick <\/span><\/span><\/span><span style=\"font-family: Calibri, serif\"><span style=\"font-size: small\"><span>auf die Freie Universit\u00e4t Berlin <\/span><\/span><\/span><span style=\"font-family: Calibri, serif\"><span style=\"font-size: small\"><span>zu werfen<\/span><\/span><\/span><span style=\"font-family: Calibri, serif\"><span style=\"font-size: small\"><span>. Dort verabschiedete das Pr\u00e4sidium bereits im Dezember 2019 klar umrissenen Ziele und Ma\u00dfnah<\/span><\/span><\/span><span style=\"font-family: Calibri, serif\"><span style=\"font-size: small\"><span>men<\/span><\/span><\/span><span style=\"font-family: Calibri, serif\"><span style=\"font-size: small\"><span> zur Erreichung der Klimaneutralit\u00e4t bis 2025. <\/span><\/span><\/span><span style=\"font-family: Calibri, serif\"><span style=\"font-size: small\"><span>Die FU Berlin zeigt, <\/span><\/span><\/span><span style=\"font-family: Calibri, serif\"><span style=\"font-size: small\"><span>dass mehr drin ist um Nachhaltigkeit <\/span><\/span><\/span><span style=\"font-family: Calibri, serif\"><span style=\"font-size: small\"><span>st\u00e4rker <\/span><\/span><\/span><span style=\"font-family: Calibri, serif\"><span style=\"font-size: small\"><span>zu <\/span><\/span><\/span><span style=\"font-family: Calibri, serif\"><span style=\"font-size: small\"><span>praktizieren<\/span><\/span><\/span><span style=\"font-family: Calibri, serif\"><span style=\"font-size: small\"><span>.<\/span><\/span><\/span><\/p>\n<p><span style=\"font-family: Calibri, serif\"><span style=\"font-size: small\"><span>Ansonsten l<\/span><\/span><\/span><span style=\"font-family: Calibri, serif\"><span style=\"font-size: small\"><span>ie\u00dfe<\/span><\/span><\/span><span style=\"font-family: Calibri, serif\"><span style=\"font-size: small\"><span> sich <\/span><\/span><\/span><span style=\"font-family: Calibri, serif\"><span style=\"font-size: small\"><span>feststellen<\/span><\/span><\/span><span style=\"font-family: Calibri, serif\"><span style=\"font-size: small\"><span>, dass das Pr\u00e4sidium der Justus-Liebig-Universit\u00e4t Gie\u00dfen weit entfernt davon <\/span><\/span><\/span><span style=\"font-family: Calibri, serif\"><span style=\"font-size: small\"><span>w\u00e4re<\/span><\/span><\/span><span style=\"font-family: Calibri, serif\"><span style=\"font-size: small\"><span>, mutige und zukunftsf\u00e4hige Pl\u00e4ne <\/span><\/span><\/span><span style=\"font-family: Calibri, serif\"><span style=\"font-size: small\"><span>f\u00fcr alle Bereiche<\/span><\/span><\/span><span style=\"font-family: Calibri, serif\"><span style=\"font-size: small\"><span> zu entwickeln. <\/span><\/span><\/span><span style=\"font-family: Calibri, serif\"><span style=\"font-size: small\"><span>Forschungsergebnisse m\u00fcssen eine Grundlage f\u00fcr das<\/span><\/span><\/span> <span style=\"font-family: Calibri, serif\"><span style=\"font-size: small\"><span>geeignete <\/span><\/span><\/span><span style=\"font-family: Calibri, serif\"><span style=\"font-size: small\"><span>Handeln <\/span><\/span><\/span><span style=\"font-family: Calibri, serif\"><span style=\"font-size: small\"><span>insbesondere der Universit\u00e4ten <\/span><\/span><\/span><span style=\"font-family: Calibri, serif\"><span style=\"font-size: small\"><span>sein: Prof. Dr. Joybrato Mukherjee und Angeh\u00f6rige des Pr\u00e4sidiums: Gehen Sie <\/span><\/span><\/span><span style=\"font-family: Calibri, serif\"><span style=\"font-size: small\"><span>[nachhaltig] <\/span><\/span><\/span><span style=\"font-family: Calibri, serif\"><span style=\"font-size: small\"><span>neue Wege!<\/span><\/span><\/span><\/p>\n<p><span style=\"font-family: Calibri, serif\"><span style=\"font-size: xx-small\"><span>*[<\/span><\/span><\/span><span style=\"font-family: Calibri, serif\"><span style=\"font-size: xx-small\"><span>Die <\/span><\/span><\/span><span style=\"font-family: Calibri, serif\"><span style=\"font-size: xx-small\"><span>langfristige<\/span><\/span><\/span> <span style=\"font-family: Calibri, serif\"><span style=\"font-size: xx-small\"><span>Zerbrechlichkeit<\/span><\/span><\/span><span style=\"font-family: Calibri, serif\"><span style=\"font-size: xx-small\"><span> der bestehenden Lebensgrundlagen angesichts des ungestoppten <\/span><\/span><\/span><span style=\"font-family: Calibri, serif\"><span style=\"font-size: xx-small\"><span>menschengemachten<\/span><\/span><\/span><span style=\"font-family: Calibri, serif\"><span style=\"font-size: xx-small\"><span> Klimawandels und des fortschreitenden Diversit\u00e4tsschwunds in den vielf\u00e4ltigen \u00d6kosystemen wurde sp\u00e4testens mit der Ver\u00f6ffentlichung des Berichts \"Grenzen des Wachstums\" im Jahr 1972 durch das <\/span><\/span><\/span><span style=\"font-family: Calibri, serif\"><span style=\"font-size: xx-small\"><span><i>MIT<\/i><\/span><\/span><\/span><span style=\"font-family: Calibri, serif\"><span style=\"font-size: xx-small\"><span> und den <\/span><\/span><\/span><span style=\"font-family: Calibri, serif\"><span style=\"font-size: xx-small\"><span><i>Club of Rome <\/i><\/span><\/span><\/span><span style=\"font-family: Calibri, serif\"><span style=\"font-size: xx-small\"><span>offenbart. <\/span><\/span><\/span><span style=\"font-family: Calibri, serif\"><span style=\"font-size: xx-small\"><span>Di<\/span><\/span><\/span><span style=\"font-family: Calibri, serif\"><span style=\"font-size: xx-small\"><span>e Folgen<\/span><\/span><\/span><span style=\"font-family: Calibri, serif\"><span style=\"font-size: xx-small\"><span>absch\u00e4tzung<\/span><\/span><\/span> <span style=\"font-family: Calibri, serif\"><span style=\"font-size: xx-small\"><span>wurden <\/span><\/span><\/span><span style=\"font-family: Calibri, serif\"><span style=\"font-size: xx-small\"><span>in den letzten 48 Jahren<\/span><\/span><\/span><span style=\"font-family: Calibri, serif\"><span style=\"font-size: xx-small\"><span> in der Wissenschafts<\/span><\/span><\/span><span style=\"font-family: Calibri, serif\"><span style=\"font-size: xx-small\"><span>gemeinschaft, der die <\/span><\/span><\/span><span style=\"font-family: Calibri, serif\"><span style=\"font-size: xx-small\"><span><i>JLU<\/i><\/span><\/span><\/span><span style=\"font-family: Calibri, serif\"><span style=\"font-size: xx-small\"><span> angeh\u00f6rt, <\/span><\/span><\/span><span style=\"font-family: Calibri, serif\"><span style=\"font-size: xx-small\"><span>stark <\/span><\/span><\/span><span style=\"font-family: Calibri, serif\"><span style=\"font-size: xx-small\"><span>ausgebaut<\/span><\/span><\/span><span style=\"font-family: Calibri, serif\"><span style=\"font-size: xx-small\"><span>. Hochschulen weltweit <\/span><\/span><\/span><span style=\"font-family: Calibri, serif\"><span style=\"font-size: xx-small\"><span>lieferten <\/span><\/span><\/span><span style=\"font-family: Calibri, serif\"><span style=\"font-size: xx-small\"><span>wichtige Beitr\u00e4ge um die <\/span><\/span><\/span><span style=\"font-family: Calibri, serif\"><span style=\"font-size: xx-small\"><span>Entstehung<\/span><\/span><\/span><span style=\"font-family: Calibri, serif\"><span style=\"font-size: xx-small\"><span>, katastrophalen Auswirkungen bei unver\u00e4nderter Kurshaltung und Handlungsoptionen zur Sicherung eines bewohnbaren und lebenswerten Planeten Erde zu erfassen.<\/span><\/span><\/span><span style=\"font-family: Calibri, serif\"><span style=\"font-size: xx-small\"><span>]<\/span><\/span><\/span><\/p>\n            <\/div>\r\n    <\/div>\r\n\r\n\r\n\r\n            <\/div>\n","protected":false},"excerpt":{"rendered":"<p>Statt die klaren Mahnungen des wissenschaftlichen Weltklimarats zu h\u00f6ren, steckt unsere Justus-Liebig-Univerist\u00e4t Gie\u00dfen den Kopf in den Sand: Der Senat will gerade keine weiteren direkten &hellip; <\/p>\n","protected":false},"author":34,"featured_media":4366,"comment_status":"closed","ping_status":"closed","sticky":false,"template":"","format":"standard","meta":{"footnotes":""},"categories":[11,501],"tags":[],"class_list":["post-4356","post","type-post","status-publish","format-standard","has-post-thumbnail","hentry","category-c12-hochschulpolitik","category-pressemitteilung","latest_post"],"translation":{"provider":"WPGlobus","version":"3.0.2","language":"en","enabled_languages":["de","en"],"languages":{"de":{"title":true,"content":true,"excerpt":false},"en":{"title":false,"content":false,"excerpt":false}}},"_links":{"self":[{"href":"https:\/\/www.asta-giessen.de\/en\/wp-json\/wp\/v2\/posts\/4356","targetHints":{"allow":["GET"]}}],"collection":[{"href":"https:\/\/www.asta-giessen.de\/en\/wp-json\/wp\/v2\/posts"}],"about":[{"href":"https:\/\/www.asta-giessen.de\/en\/wp-json\/wp\/v2\/types\/post"}],"author":[{"embeddable":true,"href":"https:\/\/www.asta-giessen.de\/en\/wp-json\/wp\/v2\/users\/34"}],"replies":[{"embeddable":true,"href":"https:\/\/www.asta-giessen.de\/en\/wp-json\/wp\/v2\/comments?post=4356"}],"version-history":[{"count":0,"href":"https:\/\/www.asta-giessen.de\/en\/wp-json\/wp\/v2\/posts\/4356\/revisions"}],"wp:featuredmedia":[{"embeddable":true,"href":"https:\/\/www.asta-giessen.de\/en\/wp-json\/wp\/v2\/media\/4366"}],"wp:attachment":[{"href":"https:\/\/www.asta-giessen.de\/en\/wp-json\/wp\/v2\/media?parent=4356"}],"wp:term":[{"taxonomy":"category","embeddable":true,"href":"https:\/\/www.asta-giessen.de\/en\/wp-json\/wp\/v2\/categories?post=4356"},{"taxonomy":"post_tag","embeddable":true,"href":"https:\/\/www.asta-giessen.de\/en\/wp-json\/wp\/v2\/tags?post=4356"}],"curies":[{"name":"wp","href":"https:\/\/api.w.org\/{rel}","templated":true}]}}