{"id":4709,"date":"2020-04-21T15:29:45","date_gmt":"2020-04-21T13:29:45","guid":{"rendered":"https:\/\/www.asta-giessen.de\/?p=4709"},"modified":"2020-08-17T11:10:26","modified_gmt":"2020-08-17T09:10:26","slug":"der-weltweite-klimastreiktag-goes-digital","status":"publish","type":"post","link":"https:\/\/www.asta-giessen.de\/en\/der-weltweite-klimastreiktag-goes-digital\/","title":{"rendered":"Der weltweite Klimastreiktag goes digital!"},"content":{"rendered":"<p>Klimawandel und nachhaltige Entwicklung sind trotz der Corona Pandemie so aktuell und dringlich wie bisher. Fridays for Future fordert alle Mitstreitenden auf, am 24.04.2020 nicht wie sonst gemeinsam auf der Stra\u00dfe zu protestieren, sondern sich dieses Mal einzeln und digital von zu Hause f\u00fcr eine klimagerechte Zukunft einzusetzen.<\/p>\n<p>In einem gemeinsamen Programm finden \u00fcber den Tag verteilt Aktionen, Reden und Livestreams auf<span class=\"text_exposed_show\">\u00a0den jeweiligen Social Media Kan\u00e4len von FFF statt. Vernetzt sind auch die hessischen for-future-Bewegungen, Wissenschaftler*innen und viele Umweltverb\u00e4nde. Vereint werden diese in einer digitalen Demoroute quer durchs Bundesland. Ver\u00f6ffentlicht wird diese auf den jeweiligen sozialen Plattformen (Instagram: fridaysforfuturehessen, Facebook:\u00a0<a class=\"profileLink\" href=\"https:\/\/www.facebook.com\/FFF-Gie%C3%9Fen-1983100428663060\/?__tn__=K-R&amp;eid=ARAQmcBBJ_DKszPSkYIf7yXzetBpgcFs7Z-12V268tSptudkGw2I5a4e4MTApbaSwNHHAlvyX-OVkjD7&amp;fref=mentions&amp;__xts__%5B0%5D=68.ARDUDOIEwbO-c_4scUDfj7S6_-EooI3ZUugdmvEhdQ0Jk4dWF3ci0a0tFC9K6_NLT88faZvvbAKSh_0kANeDHNv5tN89tEBCJEnyQaiQuIXYfnTv-Ivky3Rhhz4YJvGLOC16TItWqceAk7jRw4EehafCy9glfZyhMMuoLSlzOuNVnVRVXnJM9A99nBhdtraHh1UZi_Os_XpC8mmsKOXY-fwLlvqNGnZHb_CWq7Au4SMh36N_mrHTF99sxVh_wzQ5T2soktMR6QEqvOM7FonxWXfcmdvaDzT9iU4L4oihs5gJ9t-_l1v3yosDylgcpFA_Cei603LqLtCncN-C9VrEAcrFvg\" data-hovercard=\"\/ajax\/hovercard\/page.php?id=1983100428663060&amp;extragetparams=%7B%22__tn__%22%3A%22%2CdK-R-R%22%2C%22eid%22%3A%22ARAQmcBBJ_DKszPSkYIf7yXzetBpgcFs7Z-12V268tSptudkGw2I5a4e4MTApbaSwNHHAlvyX-OVkjD7%22%2C%22fref%22%3A%22mentions%22%7D\" data-hovercard-prefer-more-content-show=\"1\">FFF Gie\u00dfen<\/a><\/span><\/p>\n<div class=\"text_exposed_show\">\n<p>Also lasst uns gemeinsam anstatt auf dem Berliner Platz, diesmal in Instagram, Facebook und Co. unseren Forderungen Geh\u00f6r verschaffen. Postet zum Beispiel ein Bild oder eine Story mit eurem Demoschild mit dem Hashtag\u00a0<a class=\"_58cn\" href=\"https:\/\/www.facebook.com\/hashtag\/diehessestreike?source=feed_text&amp;epa=HASHTAG&amp;__xts__%5B0%5D=68.ARDUDOIEwbO-c_4scUDfj7S6_-EooI3ZUugdmvEhdQ0Jk4dWF3ci0a0tFC9K6_NLT88faZvvbAKSh_0kANeDHNv5tN89tEBCJEnyQaiQuIXYfnTv-Ivky3Rhhz4YJvGLOC16TItWqceAk7jRw4EehafCy9glfZyhMMuoLSlzOuNVnVRVXnJM9A99nBhdtraHh1UZi_Os_XpC8mmsKOXY-fwLlvqNGnZHb_CWq7Au4SMh36N_mrHTF99sxVh_wzQ5T2soktMR6QEqvOM7FonxWXfcmdvaDzT9iU4L4oihs5gJ9t-_l1v3yosDylgcpFA_Cei603LqLtCncN-C9VrEAcrFvg&amp;__tn__=%2ANK-R\" data-ft=\"{&quot;type&quot;:104,&quot;tn&quot;:&quot;*N&quot;}\"><span class=\"_5afx\"><span class=\"_58cl _5afz\" aria-label=\"Hashtag\">#<\/span><span class=\"_58cm\">DieHesseStreike<\/span><\/span><\/a>.<\/p>\n<\/div>\n","protected":false},"excerpt":{"rendered":"<p>Klimawandel und nachhaltige Entwicklung sind trotz der Corona Pandemie so aktuell und dringlich wie bisher. Fridays for Future fordert alle Mitstreitenden auf, am 24.04.2020 nicht &hellip; <\/p>\n","protected":false},"author":34,"featured_media":4710,"comment_status":"closed","ping_status":"closed","sticky":false,"template":"","format":"standard","meta":{"footnotes":""},"categories":[1,497,18],"tags":[],"class_list":["post-4709","post","type-post","status-publish","format-standard","has-post-thumbnail","hentry","category-allgemein","category-archiev","category-c39-oekologie","latest_post"],"translation":{"provider":"WPGlobus","version":"3.0.2","language":"en","enabled_languages":["de","en"],"languages":{"de":{"title":true,"content":true,"excerpt":false},"en":{"title":false,"content":false,"excerpt":false}}},"_links":{"self":[{"href":"https:\/\/www.asta-giessen.de\/en\/wp-json\/wp\/v2\/posts\/4709","targetHints":{"allow":["GET"]}}],"collection":[{"href":"https:\/\/www.asta-giessen.de\/en\/wp-json\/wp\/v2\/posts"}],"about":[{"href":"https:\/\/www.asta-giessen.de\/en\/wp-json\/wp\/v2\/types\/post"}],"author":[{"embeddable":true,"href":"https:\/\/www.asta-giessen.de\/en\/wp-json\/wp\/v2\/users\/34"}],"replies":[{"embeddable":true,"href":"https:\/\/www.asta-giessen.de\/en\/wp-json\/wp\/v2\/comments?post=4709"}],"version-history":[{"count":0,"href":"https:\/\/www.asta-giessen.de\/en\/wp-json\/wp\/v2\/posts\/4709\/revisions"}],"wp:featuredmedia":[{"embeddable":true,"href":"https:\/\/www.asta-giessen.de\/en\/wp-json\/wp\/v2\/media\/4710"}],"wp:attachment":[{"href":"https:\/\/www.asta-giessen.de\/en\/wp-json\/wp\/v2\/media?parent=4709"}],"wp:term":[{"taxonomy":"category","embeddable":true,"href":"https:\/\/www.asta-giessen.de\/en\/wp-json\/wp\/v2\/categories?post=4709"},{"taxonomy":"post_tag","embeddable":true,"href":"https:\/\/www.asta-giessen.de\/en\/wp-json\/wp\/v2\/tags?post=4709"}],"curies":[{"name":"wp","href":"https:\/\/api.w.org\/{rel}","templated":true}]}}