{"id":4748,"date":"2020-05-01T19:51:06","date_gmt":"2020-05-01T17:51:06","guid":{"rendered":"https:\/\/www.asta-giessen.de\/?p=4748"},"modified":"2020-08-17T11:30:29","modified_gmt":"2020-08-17T09:30:29","slug":"studentischer-bundesverband-fordert-karliczeks-ruecktritt","status":"publish","type":"post","link":"https:\/\/www.asta-giessen.de\/en\/studentischer-bundesverband-fordert-karliczeks-ruecktritt\/","title":{"rendered":"Studentischer Bundesverband fordert Karliczeks R\u00fccktritt"},"content":{"rendered":"<p>Wir als AStA der JLU unterst\u00fctzen die Pressemitteilung des Bundesverbands der Studierendvertretungen (fzs) und schlie\u00dfen uns den darin enthaltenen Forderungen an. Deren Pressemitteilung lautet wie folgt:<\/p>\n<p>\u201eDer fzs, der Bundesverband der Studierendenvertretungen, kann kaum fassen, was da nach zwei Monaten Krise als schnelle Soforthilfe verkauft werden soll. Das bittere Ergebnis nach dem ewigen Herumlavieren kann nur eins zur Folge haben: den R\u00fccktritt von Ministerin Karliczek.<\/p>\n<p>Vorstandsmitglied Amanda Steinmaus: \u201eEine Darlehensl\u00f6sung ist gleichbedeutend mit Studienabbr\u00fcchen. Gerade Menschen aus nicht-akademischen Elternh\u00e4usern und internationale Studierende werden eher ihr Studium abbrechen als sich zu \u00fcberschulden. Wie kann eine Bildungsministerin das zulassen? Insgesamt bedeutet das Darlehen ein Versagen des Sozialstaats gegen\u00fcber den Studierenden. Es darf nicht sein, dass sie sich verschulden m\u00fcssen, um Miete und Essen zu bezahlen.\u201c<\/p>\n<p>Vorstandsmitglied Leonie Ackermann f\u00fcgt hinzu: \u201eHinzu kommt: Wer soll von diesen 650\u20ac leben? WG-Zimmer kosten schon im Durchschnitt 353 Euro Miete im Monat. Der Betrag ist \u00fcberall kaum ausreichend. Wie soll ein Mensch erst in der teureren H\u00e4lfte der Hochschulst\u00e4dte davon leben?\u201c<\/p>\n<p>Neben der Darlehensl\u00f6sung wurde ein Nothilfefonds angek\u00fcndgt. Dazu Steinmaus: \u201eDie Darlehensl\u00f6sung soll bis M\u00e4rz 2021 greifen. Und der Nothilfefonds? Wohl kaum. 100 Millionen Euro f\u00fcr eine Million Studierende in Not? Dazu muss man nicht Mathematik studiert haben, es ist ein Witz. Noch dazu liegen im BAf\u00f6G-Topf dann immer noch 800 Millionen ungenutzte Euro. Warum werden nicht wenigstens die den Studierenden nicht zug\u00e4nglich gemacht?\u201c<\/p>\n<p>Der fzs fragt sich zudem, wie das Ganze so ewig dauern konnte. Ackermann: \u201eDas Geld kommt ab Juni, nachdem Studierende vielfach im M\u00e4rz ihre Jobs verloren haben. Haben die jetzt zwei bis drei Monate durch ihre R\u00fccklagen \u00fcberbr\u00fcckt? Wohl kaum: es sind Studierende, die haben am Ende des Monats schon normalerweise nur Geld f\u00fcr Nudeln mit Ketchup. Es ist also schon ein gro\u00dfer Schaden entstanden.\u201c<\/p>\n<p>Steinmaus res\u00fcmiert: \u201eF\u00fcr diese Ministerin scheint es das Wichtigste zu sein, nicht zugeben zu m\u00fcssen, dass ihre BAf\u00f6G-Reform im letzten Jahr absolut mangelhaft war. Wie es den Studierenden gerade wirklich geht? Egal. Anja Karliczek f\u00e4hrt eine Verz\u00f6gerungstaktik und versucht nun mit einem kleinen Nothilfefonds abzulenken. Nein danke. Wir fordern ihren R\u00fccktritt.\u201c<\/p>\n","protected":false},"excerpt":{"rendered":"<p>Wir als AStA der JLU unterst\u00fctzen die Pressemitteilung des Bundesverbands der Studierendvertretungen (fzs) und schlie\u00dfen uns den darin enthaltenen Forderungen an. Deren Pressemitteilung lautet wie &hellip; <\/p>\n","protected":false},"author":34,"featured_media":0,"comment_status":"closed","ping_status":"closed","sticky":false,"template":"","format":"standard","meta":{"footnotes":""},"categories":[503,1,501],"tags":[],"class_list":["post-4748","post","type-post","status-publish","format-standard","hentry","category-corona","category-allgemein","category-pressemitteilung","latest_post"],"translation":{"provider":"WPGlobus","version":"3.0.2","language":"en","enabled_languages":["de","en"],"languages":{"de":{"title":true,"content":true,"excerpt":false},"en":{"title":false,"content":false,"excerpt":false}}},"_links":{"self":[{"href":"https:\/\/www.asta-giessen.de\/en\/wp-json\/wp\/v2\/posts\/4748","targetHints":{"allow":["GET"]}}],"collection":[{"href":"https:\/\/www.asta-giessen.de\/en\/wp-json\/wp\/v2\/posts"}],"about":[{"href":"https:\/\/www.asta-giessen.de\/en\/wp-json\/wp\/v2\/types\/post"}],"author":[{"embeddable":true,"href":"https:\/\/www.asta-giessen.de\/en\/wp-json\/wp\/v2\/users\/34"}],"replies":[{"embeddable":true,"href":"https:\/\/www.asta-giessen.de\/en\/wp-json\/wp\/v2\/comments?post=4748"}],"version-history":[{"count":0,"href":"https:\/\/www.asta-giessen.de\/en\/wp-json\/wp\/v2\/posts\/4748\/revisions"}],"wp:attachment":[{"href":"https:\/\/www.asta-giessen.de\/en\/wp-json\/wp\/v2\/media?parent=4748"}],"wp:term":[{"taxonomy":"category","embeddable":true,"href":"https:\/\/www.asta-giessen.de\/en\/wp-json\/wp\/v2\/categories?post=4748"},{"taxonomy":"post_tag","embeddable":true,"href":"https:\/\/www.asta-giessen.de\/en\/wp-json\/wp\/v2\/tags?post=4748"}],"curies":[{"name":"wp","href":"https:\/\/api.w.org\/{rel}","templated":true}]}}