{"id":4764,"date":"2020-05-12T14:14:53","date_gmt":"2020-05-12T12:14:53","guid":{"rendered":"https:\/\/www.asta-giessen.de\/?p=4764"},"modified":"2020-08-17T11:06:17","modified_gmt":"2020-08-17T09:06:17","slug":"online-vortrag-datenschutz-in-der-krise","status":"publish","type":"post","link":"https:\/\/www.asta-giessen.de\/en\/online-vortrag-datenschutz-in-der-krise\/","title":{"rendered":"Online-Vortrag: &#8220;Datenschutz in der Krise&#8221;"},"content":{"rendered":"<p>Die Corona-Pandemie hat uns alle dazu gebracht, mehr und mehr digital zu arbeiten. Wie l\u00e4sst sich das mit Datenschutz vereinen und wie sicher sind die vielf\u00e4ltigen Systeme? Der Chaos-Computer-Club Aktivist Jochim Selzer aus Bonn h\u00e4lt dazu den Online-Vortrag:<\/p>\n<p>Sch\u00f6n, dass ihr dabei ward! Wie versprochen sind hier noch die Links und der <a href=\"https:\/\/www.asta-giessen.de\/download\/4787\/\">Vortrag<\/a>:<\/p>\n<p>Link 1: <a href=\"https:\/\/media.ccc.de\/v\/ds19-10467-angewandter_datenschutz\">https:\/\/media.ccc.de\/v\/ds19-10467-angewandter_datenschutz<\/a><\/p>\n<p>Link 2: <a href=\"https:\/\/media.ccc.de\/v\/15np-3-wie_stehts_um_den_datenschutz_und_die_informationsfreiheit_herr_kelber\">https:\/\/media.ccc.de\/v\/15np-3-wie_stehts_um_den_datenschutz_und_die_informationsfreiheit_herr_kelber<\/a><\/p>\n<p>Link 3: <a href=\"https:\/\/media.ccc.de\/v\/15np-9-wer_hat_deine_daten_datenschutz_auskunftsrechte_fuer_anfaenger_innen_und_fortgeschrittene\">https:\/\/media.ccc.de\/v\/15np-9-wer_hat_deine_daten_datenschutz_auskunftsrechte_fuer_anfaenger_innen_und_fortgeschrittene<\/a><\/p>\n<p>Link 4: <a href=\"https:\/\/media.ccc.de\/v\/35c3-9809-datenschutz_fur_neulandburger\">https:\/\/media.ccc.de\/v\/35c3-9809-datenschutz_fur_neulandburger<\/a><\/p>\n<p>Link 5: <a href=\"https:\/\/media.ccc.de\/v\/35c3-9733-was_schutzt_eigentlich_der_datenschutz\">https:\/\/media.ccc.de\/v\/35c3-9733-was_schutzt_eigentlich_der_datenschutz<\/a><\/p>\n<p>Link 6: <a href=\"https:\/\/media.ccc.de\/v\/pw18-27-mehr-berwachung-weniger-datenschutz-privatsphre-unter-schwarz-blau\">https:\/\/media.ccc.de\/v\/pw18-27-mehr-berwachung-weniger-datenschutz-privatsphre-unter-schwarz-blau<\/a><\/p>\n<p>Link 7: <a href=\"https:\/\/media.ccc.de\/v\/Camp2019-10344-achtung_datenpannen\">https:\/\/media.ccc.de\/v\/Camp2019-10344-achtung_datenpannen<\/a><\/p>\n<p>Link 8: <a href=\"https:\/\/media.ccc.de\/v\/populare_irrtumer_im_datenschutzrecht\">https:\/\/media.ccc.de\/v\/populare_irrtumer_im_datenschutzrecht<\/a><\/p>\n<p>Link 9: <a href=\"https:\/\/media.ccc.de\/v\/pw17-155-durchsetzen_von_datenschutz\">https:\/\/media.ccc.de\/v\/pw17-155-durchsetzen_von_datenschutz<\/a><\/p>\n<p>Link 10: <a href=\"https:\/\/rechtsbelehrung.com\/alle-folgen\/\">https:\/\/rechtsbelehrung.com\/alle-folgen\/<\/a><\/p>\n<p>Link 11: <a href=\"https:\/\/media.ccc.de\/v\/fiffkon18-6-die_dsgvo_eine_kommentierte_reise_durch_die_un_tiefen_des_juristischen_feuilletons\">https:\/\/media.ccc.de\/v\/fiffkon18-6-die_dsgvo_eine_kommentierte_reise_durch_die_un_tiefen_des_juristischen_feuilletons<\/a><\/p>\n<p>&nbsp;<\/p>\n","protected":false},"excerpt":{"rendered":"<p>Die Corona-Pandemie hat uns alle dazu gebracht, mehr und mehr digital zu arbeiten. Wie l\u00e4sst sich das mit Datenschutz vereinen und wie sicher sind die &hellip; <\/p>\n","protected":false},"author":34,"featured_media":4763,"comment_status":"closed","ping_status":"closed","sticky":false,"template":"","format":"standard","meta":{"footnotes":""},"categories":[1,497],"tags":[],"class_list":["post-4764","post","type-post","status-publish","format-standard","has-post-thumbnail","hentry","category-allgemein","category-archiev","latest_post"],"translation":{"provider":"WPGlobus","version":"3.0.2","language":"en","enabled_languages":["de","en"],"languages":{"de":{"title":true,"content":true,"excerpt":false},"en":{"title":false,"content":false,"excerpt":false}}},"_links":{"self":[{"href":"https:\/\/www.asta-giessen.de\/en\/wp-json\/wp\/v2\/posts\/4764","targetHints":{"allow":["GET"]}}],"collection":[{"href":"https:\/\/www.asta-giessen.de\/en\/wp-json\/wp\/v2\/posts"}],"about":[{"href":"https:\/\/www.asta-giessen.de\/en\/wp-json\/wp\/v2\/types\/post"}],"author":[{"embeddable":true,"href":"https:\/\/www.asta-giessen.de\/en\/wp-json\/wp\/v2\/users\/34"}],"replies":[{"embeddable":true,"href":"https:\/\/www.asta-giessen.de\/en\/wp-json\/wp\/v2\/comments?post=4764"}],"version-history":[{"count":0,"href":"https:\/\/www.asta-giessen.de\/en\/wp-json\/wp\/v2\/posts\/4764\/revisions"}],"wp:featuredmedia":[{"embeddable":true,"href":"https:\/\/www.asta-giessen.de\/en\/wp-json\/wp\/v2\/media\/4763"}],"wp:attachment":[{"href":"https:\/\/www.asta-giessen.de\/en\/wp-json\/wp\/v2\/media?parent=4764"}],"wp:term":[{"taxonomy":"category","embeddable":true,"href":"https:\/\/www.asta-giessen.de\/en\/wp-json\/wp\/v2\/categories?post=4764"},{"taxonomy":"post_tag","embeddable":true,"href":"https:\/\/www.asta-giessen.de\/en\/wp-json\/wp\/v2\/tags?post=4764"}],"curies":[{"name":"wp","href":"https:\/\/api.w.org\/{rel}","templated":true}]}}