{"id":4776,"date":"2020-05-14T11:35:56","date_gmt":"2020-05-14T09:35:56","guid":{"rendered":"https:\/\/www.asta-giessen.de\/?p=4776"},"modified":"2020-08-17T11:35:57","modified_gmt":"2020-08-17T09:35:57","slug":"online-vortragsreihe-des-referats-fuer-politische-bildung","status":"publish","type":"post","link":"https:\/\/www.asta-giessen.de\/en\/online-vortragsreihe-des-referats-fuer-politische-bildung\/","title":{"rendered":"Online Vortragsreihe des Referats f\u00fcr politische Bildung"},"content":{"rendered":"<p>Auch wir sind im digitalen Semester angekommen und steigen nun auf Onlineformate um. Mit dem Lockdown hatten wir \u2013 zumindest einige Privilegierte von uns \u2013 Zeit, \u00fcber das nachzudenken, was unsere Gesellschaft pr\u00e4gt. Warum arbeiten wir eigentlich und warum ist das so normal f\u00fcr uns? Ist es nicht seltsam, dass die sogenannten systemrelevanten Berufe, wie z.B. Pflegekr\u00e4fte in Krankenh\u00e4usern, nicht nur schlecht bezahlt sind, sondern auch \u00fcberproportional von Frauen ausge\u00fcbt werden? Warum gibt es eigentlich kaum noch \u00f6ffentliche Debatten \u00fcber Utopien?<span class=\"Apple-converted-space\">\u00a0<\/span><\/p>\n<p>Wir m\u00f6chten euch auf drei Online-Vortr\u00e4ge hinweisen, die sich genau mit diesen Fragen besch\u00e4ftigen:<span class=\"Apple-converted-space\">\u00a0<\/span><\/p>\n<p>Nikolas Lelle (26.05., 18 Uhr ct.): \u201eDeutsche Arbeit\u201c &#8211; \u00dcber ein vernachl\u00e4ssigtes Element des Nationalsozialismus<span class=\"Apple-converted-space\">\u00a0<\/span><\/p>\n<p>Friederike Habermann (09.06., 18 Uhr ct.): \u201eCare\u201c &#8211; #Systemrelevant und revolution\u00e4r zugleich<span class=\"Apple-converted-space\">\u00a0<\/span><\/p>\n<p>Simon Sutterl\u00fctti (23.06. 18 Uhr ct.): \u201eCommonismus\u201c \u2013 Utopie jenseits von Kapitalismus, Sozialismus und Arbeit(-szwang)<span class=\"Apple-converted-space\"><a href=\"https:\/\/www.asta-giessen.de\/wp-content\/uploads\/2020\/05\/Sharepic_Ank\u00fcndigung-der-Onlinevortr\u00e4ge.png\"><img loading=\"lazy\" decoding=\"async\" class=\"size-medium wp-image-4778 alignright\" src=\"https:\/\/www.asta-giessen.de\/wp-content\/uploads\/2020\/05\/Sharepic_Ank\u00fcndigung-der-Onlinevortr\u00e4ge-300x300.png\" alt=\"\" width=\"300\" height=\"300\" srcset=\"https:\/\/www.asta-giessen.de\/wp-content\/uploads\/2020\/05\/Sharepic_Ank\u00fcndigung-der-Onlinevortr\u00e4ge-300x300.png 300w, https:\/\/www.asta-giessen.de\/wp-content\/uploads\/2020\/05\/Sharepic_Ank\u00fcndigung-der-Onlinevortr\u00e4ge-150x150.png 150w, https:\/\/www.asta-giessen.de\/wp-content\/uploads\/2020\/05\/Sharepic_Ank\u00fcndigung-der-Onlinevortr\u00e4ge.png 567w\" sizes=\"auto, (max-width: 300px) 100vw, 300px\" \/><\/a><\/span><\/p>\n","protected":false},"excerpt":{"rendered":"<p>Auch wir sind im digitalen Semester angekommen und steigen nun auf Onlineformate um. Mit dem Lockdown hatten wir \u2013 zumindest einige Privilegierte von uns \u2013 &hellip; <\/p>\n","protected":false},"author":34,"featured_media":0,"comment_status":"closed","ping_status":"closed","sticky":false,"template":"","format":"standard","meta":{"footnotes":""},"categories":[1,497,397,2,395],"tags":[],"class_list":["post-4776","post","type-post","status-publish","format-standard","hentry","category-allgemein","category-archiev","category-politische-bildung","category-s1-referate","category-events","latest_post"],"translation":{"provider":"WPGlobus","version":"3.0.2","language":"en","enabled_languages":["de","en"],"languages":{"de":{"title":true,"content":true,"excerpt":false},"en":{"title":false,"content":false,"excerpt":false}}},"_links":{"self":[{"href":"https:\/\/www.asta-giessen.de\/en\/wp-json\/wp\/v2\/posts\/4776","targetHints":{"allow":["GET"]}}],"collection":[{"href":"https:\/\/www.asta-giessen.de\/en\/wp-json\/wp\/v2\/posts"}],"about":[{"href":"https:\/\/www.asta-giessen.de\/en\/wp-json\/wp\/v2\/types\/post"}],"author":[{"embeddable":true,"href":"https:\/\/www.asta-giessen.de\/en\/wp-json\/wp\/v2\/users\/34"}],"replies":[{"embeddable":true,"href":"https:\/\/www.asta-giessen.de\/en\/wp-json\/wp\/v2\/comments?post=4776"}],"version-history":[{"count":0,"href":"https:\/\/www.asta-giessen.de\/en\/wp-json\/wp\/v2\/posts\/4776\/revisions"}],"wp:attachment":[{"href":"https:\/\/www.asta-giessen.de\/en\/wp-json\/wp\/v2\/media?parent=4776"}],"wp:term":[{"taxonomy":"category","embeddable":true,"href":"https:\/\/www.asta-giessen.de\/en\/wp-json\/wp\/v2\/categories?post=4776"},{"taxonomy":"post_tag","embeddable":true,"href":"https:\/\/www.asta-giessen.de\/en\/wp-json\/wp\/v2\/tags?post=4776"}],"curies":[{"name":"wp","href":"https:\/\/api.w.org\/{rel}","templated":true}]}}