{"id":4805,"date":"2020-05-25T23:05:17","date_gmt":"2020-05-25T21:05:17","guid":{"rendered":"https:\/\/www.asta-giessen.de\/?p=4805"},"modified":"2021-01-10T17:54:07","modified_gmt":"2021-01-10T16:54:07","slug":"oeko-challenge","status":"publish","type":"post","link":"https:\/\/www.asta-giessen.de\/en\/oeko-challenge\/","title":{"rendered":"\u00d6ko-Challenge"},"content":{"rendered":"<p>Hallo, wir sind Arne, Julia und Marvin aus dem \u00d6kologiereferat!<\/p>\n<p>Wir verraten dir in den n\u00e4chsten 12 Wochen die besten Nachhaltigkeits-Tipps aus unserem Alltag! Von leckeren Rezepten aus Essensresten \u00fcber \u00f6kologische ShoppingTipps bis hin zu spannenden Dokus, die du unbedingt gesehen haben musst! Verr\u00e4tst du uns auch deine Tipps?<\/p>\n<p>Jede Woche hast du die Chance,einen Gutschein vom Veganatural im Wert von 10\u20ac zu gewinnen. Das Veganatural ist ein tolles kleines Bistro im Schiffenberger Tal, das leckere vegane Gerichte aus \u00fcberwiegend regionalen Lebensmitteln in Bio-Qualit\u00e4t anbietet.<\/p>\n<p>Was du daf\u00fcr tun musst?<br \/>\n-sende innerhalb von 1 Woche einen kurzen Text mit deinem zum Thema passenden Tipp (an oekologie@asta-giessen.de)<br \/>\n-folge dem AStA Uni Gie\u00dfen auf Facebook\/Instagram<br \/>\n-markiere eine Person in den Kommentaren, die unbedingt auch bei der Challenge mitmachen soll!<\/p>\n<p>Au\u00dferdem werden alle eingesendeten Tipps im E-Book \u201cNachhaltig durch den StudiAlltag\u201d ver\u00f6ffentlicht. Das E-Book kannst du Ende des Jahres kostenlos \u00fcber die AStA-Webseite downloaden.<\/p>\n<p>Wir sind schon ganz gespannt auf deine Einsendungen!<br \/>\nDein \u00d6kologiereferat<\/p>\n<p><a href=\"https:\/\/www.asta-giessen.de\/wp-content\/uploads\/2020\/05\/Hinweis-2-neu.png\"><img loading=\"lazy\" decoding=\"async\" class=\"alignnone size-medium wp-image-4806\" src=\"https:\/\/www.asta-giessen.de\/wp-content\/uploads\/2020\/05\/Hinweis-2-neu-300x300.png\" alt=\"\" width=\"300\" height=\"300\" srcset=\"https:\/\/www.asta-giessen.de\/wp-content\/uploads\/2020\/05\/Hinweis-2-neu-300x300.png 300w, https:\/\/www.asta-giessen.de\/wp-content\/uploads\/2020\/05\/Hinweis-2-neu-150x150.png 150w, https:\/\/www.asta-giessen.de\/wp-content\/uploads\/2020\/05\/Hinweis-2-neu.png 567w\" sizes=\"auto, (max-width: 300px) 100vw, 300px\" \/><\/a><\/p>\n<div id=\"accordions-4797\" class=\"accordions-4797 accordions\" data-accordions={&quot;lazyLoad&quot;:true,&quot;id&quot;:&quot;4797&quot;,&quot;event&quot;:&quot;click&quot;,&quot;collapsible&quot;:&quot;true&quot;,&quot;heightStyle&quot;:&quot;content&quot;,&quot;animateStyle&quot;:&quot;swing&quot;,&quot;animateDelay&quot;:1000,&quot;navigation&quot;:true,&quot;active&quot;:999,&quot;expandedOther&quot;:&quot;no&quot;}>\r\n                <div id=\"accordions-lazy-4797\" class=\"accordions-lazy\" accordionsId=\"4797\">\r\n                    <\/div>\r\n\r\n    <div class=\"items\"  style=\"display:none\" >\r\n    \r\n            <div post_id=\"4797\" itemcount=\"0\"  header_id=\"header-1590432435718\" id=\"header-1590432435718\" style=\"\" class=\"accordions-head head1590432435718 border-none\" toggle-text=\"\" main-text=\"&lt;h3&gt;WOCHE 1: Gemeinsam vegan Kochen zu Zeiten von Corona&lt;\/h3&gt;\">\r\n                                    <span id=\"accordion-icons-1590432435718\" class=\"accordion-icons\">\r\n                        <span class=\"accordion-icon-active accordion-plus\"><i class=\"fa fas fa-chevron-up\"><\/i><\/span>\r\n                        <span class=\"accordion-icon-inactive accordion-minus\"><i class=\"fas fa-chevron-down\"><\/i><\/span>\r\n                    <\/span>\r\n                    <span id=\"header-text-1590432435718\" class=\"accordions-head-title\"><h3>WOCHE 1: Gemeinsam vegan Kochen zu Zeiten von Corona<\/h3><\/span>\r\n                            <\/div>\r\n            <div class=\"accordion-content content1590432435718 \">\r\n                <p>Hallo, wir sind Arne, Julia und Marvin aus dem \u00d6kologiereferat!<\/p>\n<p>K\u00f6nnt ihr euch noch an unseren Kochwettbewerb \u201eMensa Takeover - Studis kochen gr\u00fcn\u201c erinnern? Ihr habt uns damals soo viele tolle Rezepte zugesendet! Einige haben wir schon ausprobiert. Wir lieben Kochabende! Letzte Woche haben wir drei uns zum SkypeKochabend verabredet und gemeinsam einen super w\u00fcrzigen und knackigen Kohlrabisalat gezaubert. Der Salat wird traditionell mit Papayas zubereitet. In Deutschland kann man diese durch Kohlrabis ersetzen. Au\u00dferdem kommen gr\u00fcne Bohnen, Tomaten und ein Hauch Chili rein. Mit ger\u00f6steten Erdn\u00fcssen getoppt ist der Salat eine echte Gaumenfreude! Das Rezept f\u00fcr den Salat und alle anderen eingesendeten Rezepte findest du <a href=\"http:\/\/asta-giessen.de\/download\/3598\/\">hier<\/a>.<\/p>\n<p>JETZT BIST DU DRAN!<br \/>\n- sende uns das Rezept deiner VEGANEN Lieblingsvorspeise und verrate uns, warum du sie so gerne isst (bis Sonntag an:oekologie@asta-giessen.de)<br \/>\n- folge dem AStA Uni Gie\u00dfen auf Facebook\/Instagram<br \/>\n- markiere eine Person in den Kommentaren, die unbedingt auch bei der Challenge mitmachen soll!<\/p>\n<p>Alle eingesendeten Tipps werden im E-Book \u201cNachhaltig durch den Studi-Alltag\u201d ver\u00f6ffentlicht. N\u00e4chste Woche geht\u2019s um das Thema \u201eWeiterbildung - Dokus & Co.\u201c. Sei gespannt!<\/p>\n<p>Dein \u00d6kologiereferat<\/p>\n            <\/div>\r\n    \r\n            <div post_id=\"4797\" itemcount=\"1\"  header_id=\"header-1590439252549\" id=\"header-1590439252549\" style=\"\" class=\"accordions-head head1590439252549 border-none\" toggle-text=\"\" main-text=\"&lt;h3&gt;WOCHE 2: Weiterbildung - Dokus &amp; Co.&lt;\/h3&gt;\">\r\n                                    <span id=\"accordion-icons-1590439252549\" class=\"accordion-icons\">\r\n                        <span class=\"accordion-icon-active accordion-plus\"><i class=\"fa fas fa-chevron-up\"><\/i><\/span>\r\n                        <span class=\"accordion-icon-inactive accordion-minus\"><i class=\"fas fa-chevron-down\"><\/i><\/span>\r\n                    <\/span>\r\n                    <span id=\"header-text-1590439252549\" class=\"accordions-head-title\"><h3>WOCHE 2: Weiterbildung - Dokus &amp; Co.<\/h3><\/span>\r\n                            <\/div>\r\n            <div class=\"accordion-content content1590439252549 \">\r\n                <p>Du hast das Fernsehprogramm satt? Schon alle Serien auf Netflix durchgesuchtet? Wir auch! Aber wir haben auch die perfekte L\u00f6sung: In vielen Online-Mediatheken findest du ein breites Angebot an interessanten Dokus.<\/p>\n<p>Julia: \"Meine Lieblingsdoku ist \u201eCowspiracy\u201c. Dabei geht es um den Einfluss der Viehwirtschaft auf die Umwelt und den Klimawandel. Eine Doku, die wirklich zum Nachdenken anregt!\"<\/p>\n<p>Marvin: \"Umwelt-Dokus finde ich wichtig, aber h\u00e4ufig auch deprimierend. Eine Doku, durch die man wieder Hoffnung bekommt ist \u201cTomorrow\u201d. Diese zeigt viele spannende Projekte, die gegen den Klimawandel angehen. Wirklich inspirierend!\"<\/p>\n<p>Arne: \"NICHT MEHR AKTUELL? Aber wir kennen das alle - nachhaltige Themen werden in den Vorlesungen kaum beleuchtet. Wenn du dich weiterbilden m\u00f6chtest, ist das E-Learning Angebot der \u201eVirtuellen Akademie Nachhaltigkeit\u201c vielleicht was f\u00fcr dich. Auf der Webseite kannst du dir kostenlos spannende Vorlesungsreihen ansehen (va-bne.de\/index.php\/de\/).\"<\/p>\n<p>UND JETZT BIST DU DRAN!<br \/>\n- verrate uns, was deine Lieblingsdoku ist und warum man sie unbedingt gesehen haben muss (bis Sonntag an: oekologie@asta-giessen.de)<br \/>\n- folge dem AStA Uni Gie\u00dfen auf Facebook\/Instagram<br \/>\n- markiere eine Person in den Kommentaren, die unbedingt auch bei der Challenge mitmachen soll!<\/p>\n<p>Alle eingesendeten Tipps werden im E-Book \u201cNachhaltig durch den Studi-Alltag\u201d ver\u00f6ffentlicht.<\/p>\n<p>Dein \u00d6kologiereferat<\/p>\n            <\/div>\r\n    \r\n            <div post_id=\"4797\" itemcount=\"2\"  header_id=\"header-1590439256187\" id=\"header-1590439256187\" style=\"\" class=\"accordions-head head1590439256187 border-none\" toggle-text=\"\" main-text=\"&lt;h3&gt;WOCHE 3: Zero Waste&lt;\/h3&gt;\">\r\n                                    <span id=\"accordion-icons-1590439256187\" class=\"accordion-icons\">\r\n                        <span class=\"accordion-icon-active accordion-plus\"><i class=\"fa fas fa-chevron-up\"><\/i><\/span>\r\n                        <span class=\"accordion-icon-inactive accordion-minus\"><i class=\"fas fa-chevron-down\"><\/i><\/span>\r\n                    <\/span>\r\n                    <span id=\"header-text-1590439256187\" class=\"accordions-head-title\"><h3>WOCHE 3: Zero Waste<\/h3><\/span>\r\n                            <\/div>\r\n            <div class=\"accordion-content content1590439256187 \">\r\n                <p>Heute verraten wir dir unsere Tipps, um m\u00f6glichst m\u00fcllfrei zu leben.<\/p>\n<p>Julia: \"M\u00fcll zu vermeiden ist in so vielen Bereichen m\u00f6glich! Seit es den Unverpacktladen gibt, ist das noch einfacher. Aber es muss nicht gleich Zero Waste sein - fange am besten klein an. Ich benutze seit neustem Stofftaschent\u00fccher. Am Anfang etwas komisch, aber man gew\u00f6hnt sich schnell daran. Frag doch mal deine Gro\u00dfeltern, ob sie noch welche zu Hause rumliegen haben.\"<\/p>\n<p>Marvin: \"Um unterwegs M\u00fcll zu sparen, lohnt es sich, eine wiederverwendbare Trinkflasche dabei zu haben. Achte bei deinem n\u00e4chsten Bummel durch die Stadt auf den blauen \u201eRefill\u201c- Aufkleber, der an vielen Gesch\u00e4ften und Restaurants angebracht ist. Sollte dir unterwegs das Wasser ausgehen, kannst du dort deine Flasche mit Leitungswasser bef\u00fcllen lassen. Hast du schon die Wasserspender in den beiden Mensen entdeckt? Ich f\u00fclle in der Mensa nicht nur Wasser, sondern auch Kaffee in meinen mitgebrachten Becher am Kaffee-Automaten auf!\"<\/p>\n<p>Arne: \"Auch M\u00fclltrennung sollte richtig angegangen werden. In den Studierendenwohnheimen herrscht h\u00e4ufig Unsicherheit, welcher M\u00fcll in welche Tonne kommt. Die Verbraucherzentrale hat ausf\u00fchrliche Infos zusammengestellt. Kaputte Handys solltest du nicht in den Hausm\u00fcll werfen. Da in Handys wertvolle Metalle verbaut sind, ist es wichtig, diese zu recyceln. Im AStA-B\u00fcro und bald auch in den Bibliotheken gibt es eine Handysammelbox, in die du deine alten Handys einwerfen kannst.\"<\/p>\n<p>UND JETZT BIST DU DRAN!<br \/>\n- verrate uns in einem kurzen Text, was du tust, um M\u00fcll zu vermeiden (bis Sonntag an: oekologie@asta-giessen.de)<\/p>\n<p>Alle eingesendeten Tipps werden im E-Book \u201cNachhaltig durch den Studi-Alltag\u201d ver\u00f6ffentlicht.<\/p>\n<p>Dein \u00d6kologiereferat<\/p>\n            <\/div>\r\n    \r\n            <div post_id=\"4797\" itemcount=\"3\"  header_id=\"header-1590439987859\" id=\"header-1590439987859\" style=\"\" class=\"accordions-head head1590439987859 border-none\" toggle-text=\"\" main-text=\"&lt;h3&gt;WOCHE 4: G\u00e4rtnern leicht gemacht&lt;\/h3&gt;\">\r\n                                    <span id=\"accordion-icons-1590439987859\" class=\"accordion-icons\">\r\n                        <span class=\"accordion-icon-active accordion-plus\"><i class=\"fa fas fa-chevron-up\"><\/i><\/span>\r\n                        <span class=\"accordion-icon-inactive accordion-minus\"><i class=\"fas fa-chevron-down\"><\/i><\/span>\r\n                    <\/span>\r\n                    <span id=\"header-text-1590439987859\" class=\"accordions-head-title\"><h3>WOCHE 4: G\u00e4rtnern leicht gemacht<\/h3><\/span>\r\n                            <\/div>\r\n            <div class=\"accordion-content content1590439987859 \">\r\n                <p>Heute verraten wir euch unsere Tipps rund ums G\u00e4rtnern.<\/p>\n<p><span class=\"text_exposed_show\">Marvin: \"Ob auf der Fensterbank, dem Balkon oder im Garten, viele Kr\u00e4uter und essbare Pflanzen lassen sich wunderbar zu Hause anbauen. Somit sparst du Verpackungsm\u00fcll und hast immer frische Zutaten bereit.\"<\/span><\/p>\n<p><span class=\"text_exposed_show\">Arne: \"Eine tolle M\u00f6glichkeit, um interessante Kontakte zu kn\u00fcpfen und mehr \u00fcber die Pflanzenwelt zu erfahren, sind Urban Gardening Projekte! Schau gerne mal beim Gemeinschaftsgarten \u201eParadieschen\u201c vorbei. Er befindet sich auf dem Grundst\u00fcck des Prototyps und wurde vor zwei Jahren vom AStA, der raumstation3539 und einigen Freiwilligen initiiert. Mehr Infos hier:\u00a0<a href=\"https:\/\/facebook.com\/gemeinschaftsgartenparadieschen\/\" rel=\"nofollow\">facebook.com\/<wbr \/>gemeinschaftsgartenparadies<wbr \/>chen\/<\/a>\u00a0und in der Telegramgruppe:\u00a0<a href=\"https:\/\/t.me\/gemeinschaftsgartenparadieschen?fbclid=IwAR3YiUUcaC8i-LIyS5EfHVX84loe35kluPlnlK7Om5WYlu5WXQjLLCk9wyA\" target=\"_blank\" rel=\"nofollow noopener\" data-lynx-mode=\"asynclazy\" data-lynx-uri=\"https:\/\/l.facebook.com\/l.php?u=https%3A%2F%2Ft.me%2Fgemeinschaftsgartenparadieschen%3Ffbclid%3DIwAR3YiUUcaC8i-LIyS5EfHVX84loe35kluPlnlK7Om5WYlu5WXQjLLCk9wyA&h=AT3XZYXeMvsBf3xalvz8qCoOLBVDMeL1g3HM7NLPqIFPDjj65oiPlNfvygFL_3tr5ZwuNapH0JXmgm9ZZFofEM12WHJc8ov5ijHeWM-WCWIc2uN7QEWPh7EUZh-jHHBqfvlm6i5Q9g\">https:\/\/t.me\/<wbr \/>gemeinschaftsgartenparadies<wbr \/>chen<\/a>.\"<\/span><\/p>\n<p><span class=\"text_exposed_show\">Julia: \"Wir vom AStA bieten regelm\u00e4\u00dfig Wildkr\u00e4uterwanderungen an. Wer noch nicht dabei war, findet auf der Webseite\u00a0<a href=\"http:\/\/mundraub.org\/?fbclid=IwAR3ca79zIAdCV3so7TsOKma4QVnpWCfhKAPseP6nVLLIKydQfBolhABzbrU\" target=\"_blank\" rel=\"nofollow noopener\" data-lynx-mode=\"asynclazy\" data-lynx-uri=\"https:\/\/l.facebook.com\/l.php?u=http%3A%2F%2Fmundraub.org%2F%3Ffbclid%3DIwAR3ca79zIAdCV3so7TsOKma4QVnpWCfhKAPseP6nVLLIKydQfBolhABzbrU&h=AT1NcwhrlH1TdIA90hbgp48RqHJ0cIxB_BBAN6PAerdJmr1xFGoG9GoCCTCS-re7lTD0347-_GydMrdZVGg75GEwNIP9pzHoEOpmDwPi8WbsZKXQkGeoCMSm3daXu6qcyvYviEU_TA\">mundraub.org<\/a>\u00a0eine \u00dcbersichtskarte, die Orte zeigt, an denen du kostenlos N\u00fcsse, Wildkr\u00e4uter und Obst sammeln kannst. Ich war im M\u00e4rz im Schiffenberger Wald B\u00e4rlauch sammeln und habe ein leckeres Pesto daraus gemacht.\"<\/span><\/p>\n<p>UND JETZT BIST DU DRAN!<br \/>\n-verrate uns in einem kurzen Text, welche Erfahrungen du bisher mit dem G\u00e4rtnern gemacht hast (bis Sonntag an: oekologie@asta-giessen.de)<\/p>\n<p>Alle eingesendeten Tipps werden im E-Book \u201cNachhaltig durch den Studi-Alltag\u201d ver\u00f6ffentlicht.<\/p>\n<p>N\u00e4chste Woche wird wieder zusammen aus dem Kochbuch <a href=\"http:\/\/asta-giessen.de\/download\/3598\/\">\u201eStudis kochen gr\u00fcn\u201c<\/a>\u00a0 gekocht! Diesmal geht\u2019s um \u201eResteverwertung\u201c. Sei gespannt!<br \/>\nDein \u00d6kologiereferat<\/p>\n            <\/div>\r\n    \r\n            <div post_id=\"4797\" itemcount=\"4\"  header_id=\"header-1592235808065\" id=\"header-1592235808065\" style=\"\" class=\"accordions-head head1592235808065 border-none\" toggle-text=\"\" main-text=\"&lt;h3&gt;WOCHE 5: Hauptspeise + Resteverwertung&lt;\/h3&gt;\">\r\n                                    <span id=\"accordion-icons-1592235808065\" class=\"accordion-icons\">\r\n                        <span class=\"accordion-icon-active accordion-plus\"><i class=\"fa fas fa-chevron-up\"><\/i><\/span>\r\n                        <span class=\"accordion-icon-inactive accordion-minus\"><i class=\"fas fa-chevron-down\"><\/i><\/span>\r\n                    <\/span>\r\n                    <span id=\"header-text-1592235808065\" class=\"accordions-head-title\"><h3>WOCHE 5: Hauptspeise + Resteverwertung<\/h3><\/span>\r\n                            <\/div>\r\n            <div class=\"accordion-content content1592235808065 \">\r\n                <p>Skype-Kochabend VOL.2! Heute gibt\u2019s wieder ein leckeres Rezept aus dem Kochbuch Studis kochen gr\u00fcn\u201c. In dem Kochbuch haben wir alle Rezepte gesammelt, die ihr damals bei unserem Kochwettbewerb eingereicht habt. Diesmal kochen wir ein w\u00fcrziges Curry. Da Curries mit vielen verschiedenen Gem\u00fcsesorten zubereitet werden k\u00f6nnen, eignen sie sich super, um Gem\u00fcsereste zu verwerten, die noch im K\u00fchlschrank schlummern. Das Rezept und alle anderen eingesendeten Rezepte findest du auf unserer Website unter \u201eDownloads\u201c. Und was wir sonst noch tun, um gegen Lebensmittelverschwendung anzugehen:<\/p>\n<p>Arne: \u201eDu wei\u00dft nicht wohin mit deinen Essensresten? Auf der Seite restegourmet.de werden dir Rezepte vorgeschlagen, die du mit den Lebensmitteln kochen kannst, die du noch zu Hause rumliegen hast.\u201c<\/p>\n<p>Marvin: \u201eUm noch mehr Lebensmittel vor der Tonne zu retten, kannst du mal bei Foodsharing vorbeischauen. Eine tolle Initiative, die auch in Gie\u00dfen breit vertreten ist.\u201c<\/p>\n<p>Julia: \u201eWenn du dein Mittagessen in der Mensa nicht packst, kannst du dir dort eine Box ausleihen und das Essen mit nach Hause nehmen.\u201c<\/p>\n<p>UND JETZT BIST DU DRAN!<\/p>\n<p>-sende uns das Rezept deiner VEGANEN Lieblingshauptspeise und verrate uns warum du sie so gerne isst (bis Sonntag an: oekologie@asta-giessen.de)<\/p>\n<p>Alle eingesendeten Tipps werden in unserem E-Book \u201cNachhaltig durch den Studi-Alltag\u201d ver\u00f6ffentlicht.<\/p>\n<p>N\u00e4chste Woche geht\u2019s um das Thema \u201eFair Fashion\u201c. Sei gespannt!<\/p>\n<p>Dein \u00d6kologiereferat<\/p>\n            <\/div>\r\n    \r\n            <div post_id=\"4797\" itemcount=\"5\"  header_id=\"header-1594044647580\" id=\"header-1594044647580\" style=\"\" class=\"accordions-head head1594044647580 border-none\" toggle-text=\"\" main-text=\"&lt;h3&gt;WOCHE 6: Fair Fashion&lt;\/h3&gt;\">\r\n                                    <span id=\"accordion-icons-1594044647580\" class=\"accordion-icons\">\r\n                        <span class=\"accordion-icon-active accordion-plus\"><i class=\"fa fas fa-chevron-up\"><\/i><\/span>\r\n                        <span class=\"accordion-icon-inactive accordion-minus\"><i class=\"fas fa-chevron-down\"><\/i><\/span>\r\n                    <\/span>\r\n                    <span id=\"header-text-1594044647580\" class=\"accordions-head-title\"><h3>WOCHE 6: Fair Fashion<\/h3><\/span>\r\n                            <\/div>\r\n            <div class=\"accordion-content content1594044647580 \">\r\n                <p>Heute geht\u2019s um Fair Fashion!<\/p>\n<p>Julia:<br \/>\n\"Jede Person in Deutschland kauft im Schnitt 60 Kleidungsst\u00fccke pro Jahr - das meiste wird nur sehr selten getragen. Vielleicht wird dein ein oder anderes altes Kleidungsst\u00fcck ja das neue Lieblingsst\u00fcck von jemand anderem? Aussortierte Kleidung kannst du bei Second Hand L\u00e4den abgeben oder bei Flohm\u00e4rkten verkaufen. Wir vom AStA veranstalten regelm\u00e4\u00dfig Kleidertauschparties, bei denen du Kleidung mitbringen und gegen die Kleidung anderer tauschen kannst - und meist gibt es noch leckeren Kuchen und Kaffee! ;)\"<\/p>\n<p>Marvin:<br \/>\n\"Achte beim Kauf neuer Kleidung darauf, dass sie nachhaltig und fair produziert wird. Erkennen kannst du sie an Siegeln, wie dem GOTS- oder Fairtrade-Siegel. Am klimafreundlichsten ist es, wenn du nicht online kaufst. Unter getchanged.net findest du Gesch\u00e4fte in der N\u00e4he, die fair produzierte Kleidung verkaufen.\"<\/p>\n<p>Arne:<br \/>\n\"Einfach weniger kaufen nicht luxus fair faishon und ich mag den ton nicht, ich schreibe doch nicht vor worauf zu achten ist\u2026 H\u00e4ufig sind Fair-Fashion Marken nur wenig teurer, als andere Marken, haben aber meist auch eine bessere Qualit\u00e4t, sodass du sie l\u00e4nger tragen kannst. Um wenig neu kaufen zu m\u00fcssen, achte darauf, dass deine Kleidungsst\u00fccke zeitlos und gut kombinierbar sind.\"<\/p>\n<p>UND JETZT BIST DU DRAN!<br \/>\n-verrate uns deine Tipps zum Thema \u201cFair Fashion\u201d. Wo kaufst du in Gie\u00dfen und Umgebung am liebsten fair produzierte Mode? (bis Sonntag an: oekologie@asta-giessen.de)<\/p>\n<p>Alle eingesendeten Tipps werden in unserem E-Book \u201cNachhaltig durch den Studi-Alltag\u201d ver\u00f6ffentlicht.<\/p>\n            <\/div>\r\n    \r\n            <div post_id=\"4797\" itemcount=\"6\"  header_id=\"header-1594044763797\" id=\"header-1594044763797\" style=\"\" class=\"accordions-head head1594044763797 border-none\" toggle-text=\"\" main-text=\"&lt;h3&gt;WOCHE 7: Mobilit\u00e4t und dein \u00f6kologischer Fu\u00dfabruck&lt;\/h3&gt;\">\r\n                                    <span id=\"accordion-icons-1594044763797\" class=\"accordion-icons\">\r\n                        <span class=\"accordion-icon-active accordion-plus\"><i class=\"fa fas fa-chevron-up\"><\/i><\/span>\r\n                        <span class=\"accordion-icon-inactive accordion-minus\"><i class=\"fas fa-chevron-down\"><\/i><\/span>\r\n                    <\/span>\r\n                    <span id=\"header-text-1594044763797\" class=\"accordions-head-title\"><h3>WOCHE 7: Mobilit\u00e4t und dein \u00f6kologischer Fu\u00dfabruck<\/h3><\/span>\r\n                            <\/div>\r\n            <div class=\"accordion-content content1594044763797 \">\r\n                <p>Mobilit\u00e4t und die Verkehrswende sind in Gie\u00dfen ein gro\u00dfes Thema. Heute verraten wir euch unsere Tipps, wie du deinen \u00f6kologischen Fu\u00dfabdruck verringern kannst.<\/p>\n<p>Julia:<br \/>\n\"Ein hoher Anteil des in Deutschland ausgesto\u00dfenen CO2 geht auf das Konto des Verkehrs. Hast du schon mal deinen pers\u00f6nlichen \u00f6kologischen Fu\u00dfabdruck berechnet? Es ist spannend zu sehen, welche T\u00e4tigkeiten wie viel CO2 verbrauchen und wo du am meisten einsparen kannst (fussabdruck.de).\"<\/p>\n<p>Marvin:<br \/>\n\"Eins der einfachsten Dinge, die du tun kannst, um deinen \u00f6kologischen Fu\u00dfabdruck zu verringern, ist zu Fu\u00df zu gehen. Oder schwing dich doch mal wieder auf\u2019s Rad! Wenn du kein eigenes Fahrrad hast, kannst du dir an vielen Orten in Gie\u00dfen ein \u201eNextbike\u201c ausleihen. Wir vom AStA haben dieses Jahr eine Veranstaltungsreihe zum Thema \u201eVerkehrswende\u201c organisiert, ein zweiter Teil ist in Planung.\"<\/p>\n<p>Arne:<br \/>\n\"In Gie\u00dfen werden bald zwei Fahrrad-Reparaturstationen aufgestellt. Dort steht Werkzeug bereit, mit dem du dein Fahrrad reparieren und deine Reifen aufpumpen kannst. Jetzt gibt\u2019s keine Ausreden mehr! Ton..aber ist okay.\"<\/p>\n<p>UND JETZT BIST DU DRAN!<br \/>\n-verrate uns in einem kurzen Text, was du tust, um klimafreundlich mobil zu sein. Kennst du tolle Schleichwege in Gie\u00dfen? (bis Sonntag an: oekologie@asta-giessen.de)<\/p>\n<p>Alle eingesendeten Tipps werden in unserem E-Book \u201cNachhaltig durch den Studi-Alltag\u201d ver\u00f6ffentlicht.<\/p>\n            <\/div>\r\n    \r\n            <div post_id=\"4797\" itemcount=\"7\"  header_id=\"header-1594044907462\" id=\"header-1594044907462\" style=\"\" class=\"accordions-head head1594044907462 border-none\" toggle-text=\"\" main-text=\"&lt;h3&gt;WOCHE 8: Reparieren, Tauschen und DIY&lt;\/h3&gt;\">\r\n                                    <span id=\"accordion-icons-1594044907462\" class=\"accordion-icons\">\r\n                        <span class=\"accordion-icon-active accordion-plus\"><i class=\"fa fas fa-chevron-up\"><\/i><\/span>\r\n                        <span class=\"accordion-icon-inactive accordion-minus\"><i class=\"fas fa-chevron-down\"><\/i><\/span>\r\n                    <\/span>\r\n                    <span id=\"header-text-1594044907462\" class=\"accordions-head-title\"><h3>WOCHE 8: Reparieren, Tauschen und DIY<\/h3><\/span>\r\n                            <\/div>\r\n            <div class=\"accordion-content content1594044907462 \">\r\n                <p>Was tun, wenn mal was kaputt geht? Heute geht\u2019s bei uns ums Thema Reparieren, Tauschen und DIY!<\/p>\n<p>Arne:<br \/>\n\"Dinge zu tauschen, zu verschenken und zu reparieren macht nicht nur Spa\u00df, du kannst dabei auch neue F\u00e4higkeiten erlernen. Wenn n\u00e4chstes mal was kaputt geht, versuche es zu reparieren, anstatt es neu zu kaufen. In der Telegramgruppe \u201eNat\u00fcrliche Ressourcen\u201c kannst du etwas potenziell N\u00fctzliches das du siehst oder zu verschenken hast rein stellen oder Suchanfragen stellen: https:\/\/t.me\/NatuerlicheRessourcenGiessen<br \/>\nEin Muss f\u00fcr jede*n Gie\u00dfener*in!<\/p>\n<p>Marvin:<br \/>\n\"Wenn du versuchst, minimalistischer zu leben und nur das zu kaufen, was du wirklich ben\u00f6tigst, schaffst du nicht nur Ordnung, sondern sparst auch Geld und vor allem nat\u00fcrliche Ressourcen. Falls du etwas kaufen musst, achte auf Energieverbrauch und Langlebigkeit der Produkte.\"<\/p>\n<p>Julia:<br \/>\n\"Vieles kannst du einfach selber machen. Im Internet gibt es viele Rezepte f\u00fcr Naturkosmetik und Reinigungsmittel. Ich benutze seit Jahren selbstgemachte Deocreme. Vermische einfach 3 EL geschmolzenes Kokos\u00f6l mit 2 EL St\u00e4rke und 2 EL Natron, lasse es abk\u00fchlen, fertig!\"<\/p>\n<p>UND JETZT BIST DU DRAN!<br \/>\n-was sind deine Tipps, um m\u00f6glichst wenig neu kaufen zu m\u00fcssen? Gerne kannst du uns auch dein Lieblingsrezept f\u00fcr Naturkosmetik-\/Reinigungsmittel verraten (bis Sonntag an:oekologie@asta-giessen.de)<\/p>\n<p>Alle eingesendeten Tipps werden in unserem E-Book \u201cNachhaltig durch den Studi-Alltag\u201d ver\u00f6ffentlicht.<\/p>\n            <\/div>\r\n    <\/div>\r\n\r\n\r\n\r\n            <\/div>\n","protected":false},"excerpt":{"rendered":"<p>Hallo, wir sind Arne, Julia und Marvin aus dem \u00d6kologiereferat! Wir verraten dir in den n\u00e4chsten 12 Wochen die besten Nachhaltigkeits-Tipps aus unserem Alltag! Von &hellip; <\/p>\n","protected":false},"author":34,"featured_media":0,"comment_status":"closed","ping_status":"closed","sticky":false,"template":"","format":"standard","meta":{"footnotes":""},"categories":[497,18],"tags":[],"class_list":["post-4805","post","type-post","status-publish","format-standard","hentry","category-archiev","category-c39-oekologie","latest_post"],"translation":{"provider":"WPGlobus","version":"3.0.2","language":"en","enabled_languages":["de","en"],"languages":{"de":{"title":true,"content":true,"excerpt":false},"en":{"title":false,"content":false,"excerpt":false}}},"_links":{"self":[{"href":"https:\/\/www.asta-giessen.de\/en\/wp-json\/wp\/v2\/posts\/4805","targetHints":{"allow":["GET"]}}],"collection":[{"href":"https:\/\/www.asta-giessen.de\/en\/wp-json\/wp\/v2\/posts"}],"about":[{"href":"https:\/\/www.asta-giessen.de\/en\/wp-json\/wp\/v2\/types\/post"}],"author":[{"embeddable":true,"href":"https:\/\/www.asta-giessen.de\/en\/wp-json\/wp\/v2\/users\/34"}],"replies":[{"embeddable":true,"href":"https:\/\/www.asta-giessen.de\/en\/wp-json\/wp\/v2\/comments?post=4805"}],"version-history":[{"count":0,"href":"https:\/\/www.asta-giessen.de\/en\/wp-json\/wp\/v2\/posts\/4805\/revisions"}],"wp:attachment":[{"href":"https:\/\/www.asta-giessen.de\/en\/wp-json\/wp\/v2\/media?parent=4805"}],"wp:term":[{"taxonomy":"category","embeddable":true,"href":"https:\/\/www.asta-giessen.de\/en\/wp-json\/wp\/v2\/categories?post=4805"},{"taxonomy":"post_tag","embeddable":true,"href":"https:\/\/www.asta-giessen.de\/en\/wp-json\/wp\/v2\/tags?post=4805"}],"curies":[{"name":"wp","href":"https:\/\/api.w.org\/{rel}","templated":true}]}}