{"id":4822,"date":"2020-06-05T11:33:10","date_gmt":"2020-06-05T09:33:10","guid":{"rendered":"https:\/\/www.asta-giessen.de\/?p=4822"},"modified":"2020-08-17T11:29:55","modified_gmt":"2020-08-17T09:29:55","slug":"pressemitteilung-der-lak-hessen-solidarsemester-echte-hilfe-fuer-studierende-jetzt","status":"publish","type":"post","link":"https:\/\/www.asta-giessen.de\/en\/pressemitteilung-der-lak-hessen-solidarsemester-echte-hilfe-fuer-studierende-jetzt\/","title":{"rendered":"Pressemitteilung der LAK Hessen: Solidarsemester: Echte Hilfe f\u00fcr Studierende jetzt!"},"content":{"rendered":"<p>Am 08. Juni rufen die hessischen Studierendenvertretungen und Gewerkschaften zu einer Kundgebung vor dem Wiesbadener Landtag (Dernsches Gel\u00e4nde) auf, um den Unmut \u00fcber die unzureichende Soforthilfema\u00dfnahmen f\u00fcr Studierende zu protestieren. Zeitgleich finden um 11 Uhr vor den Landesparlamenten und Wissenschaftsministerien in Hannover, Potsdam, Dresden, Mainz, Kiel, Erlangen sowie vor dem Geb\u00e4ude des Bundesministeriums f\u00fcr Bildung und Forschung (BMBF) in Bonn Kundgebungen statt. Die Botschaft ist klar: um eine Bildungskatastrophe zu verhindern, muss den vielen in finanzielle Not geratenen Studierenden endlich geholfen werden.<\/p>\n<p>Die Corona-Pandemie trifft auch Studierende besonders hart: &#8220;Der Protest soll den vielen hunderttausenden Studierenden eine Stimme geben, die ihre Jobs verloren haben und die keinen Anspruch auf Arbeitslosengeld II oder Kurzarbeitergeld haben&#8221;, erl\u00e4utern Nathalie Sch\u00e4fer von den GEW Studis und Laura Elmer, Sprecherin des Allgemeinen Studierendenausschusses (AStA) der Philipps Universit\u00e4t Marburg. Nach aktuellen Umfrageergebnissen m\u00fcssen sich 22 % der Studierenden bereits Geld von der Familie und Freund*innen leihen, um die Miete, Lebensmittel und neue Online-Lehre f\u00e4hige Technik leisten zu k\u00f6nnen. Die beiden Studierendenvertreter*innen sind sich sicher, dass die &#8220;BAf\u00f6G-Ministerin&#8221; Karlizcek die Notlage verkenne, realit\u00e4tsblind handle\/ und so einen Keil des sozialen Ausschlusses in unser Bildungssystem treibe. <\/p>\n<p>Die Bundesbildungsministerin Karliczek \u00e4u\u00dferte sich vor einer Woche (30.04.2020) vermeintlich einsehend: &#8220;Wir d\u00fcrfen nicht zulassen, dass die Corona-Pandemie Studierende in den Abbruch oder die Aufgabe ihres Studiums treibt.&#8221;, woraufhin das BMBF eine \u00dcberbr\u00fcckungshilfe bekannt gab. &#8220;Das Hilfspaket ist absolut unzureichend: Eine KfW-Kredit-Aufnahme mit hohen Zinsen ab n\u00e4chstem Jahr dr\u00fcckt die Studierenden tiefer in die Miese und bereits jetzt haben Studierende ihr Studium abgebrochen.&#8221; kritisieren Jeroen Willemse vom AStA der Hochschule RheinMain und Luca<\/p>\n<p> Savastano vom AStA der Technischen Hochschule Mittelhessen. Dar\u00fcber hinaus wurde vom BMBF eine zus\u00e4tzliche r\u00fcckzahlungsfreie Zuschussm\u00f6glichkeit angek\u00fcndigt. Da diese St\u00fctze jedoch nur ausgezahlt werde, wenn die Studierenden weniger als 500 \u20ac auf dem Konto haben, bef\u00fcrchten die Studierendenvertreter*innen, dass dass viele Studierende durch das Raster fallen und sich weiter in einer finanziellen Notlage befinden.<\/p>\n<p>Nach einem Ausweg aus der Bildungskrise gefragt \u00e4u\u00dfern sich Kyra Beninga vom AStA der Goethe-Universit\u00e4t Frankfurt am Main und Arne Krause vom AStA der Justus-Liebig-Universit\u00e4t Gie\u00dfen: &#8220;Das Land Hessen und der Bund m\u00fcssen jetzt nachr\u00fcsten und in einem gemeinsamen Programm echte Hilfe f\u00fcr Studierende einrichten! Wir fordern einen h\u00f6heren Zuschuss f\u00fcr mehr Studierende, der die tats\u00e4chlichen Lebensunterhaltungskosten abbildet. 500 \u20ac sind zu wenig zum \u00dcberleben.&#8221; Dar\u00fcber hinaus m\u00fcsse langfristig die Studienfinanzierung radikal umgedacht werden und das BAF\u00f6G zu einem Vollzuschuss ausgebaut werden. &#8220;Unserer Wissenschaftsstandort und die studentischen zuk\u00fcnftigen Krisenmanger*innen m\u00fcssen nachhaltig abgesichert werden!&#8221;.<\/p>\n","protected":false},"excerpt":{"rendered":"<p>Am 08. Juni rufen die hessischen Studierendenvertretungen und Gewerkschaften zu einer Kundgebung vor dem Wiesbadener Landtag (Dernsches Gel\u00e4nde) auf, um den Unmut \u00fcber die unzureichende &hellip; <\/p>\n","protected":false},"author":34,"featured_media":4827,"comment_status":"closed","ping_status":"closed","sticky":false,"template":"","format":"standard","meta":{"footnotes":""},"categories":[503,1,501],"tags":[],"class_list":["post-4822","post","type-post","status-publish","format-standard","has-post-thumbnail","hentry","category-corona","category-allgemein","category-pressemitteilung","latest_post"],"translation":{"provider":"WPGlobus","version":"3.0.2","language":"en","enabled_languages":["de","en"],"languages":{"de":{"title":true,"content":true,"excerpt":false},"en":{"title":false,"content":false,"excerpt":false}}},"_links":{"self":[{"href":"https:\/\/www.asta-giessen.de\/en\/wp-json\/wp\/v2\/posts\/4822","targetHints":{"allow":["GET"]}}],"collection":[{"href":"https:\/\/www.asta-giessen.de\/en\/wp-json\/wp\/v2\/posts"}],"about":[{"href":"https:\/\/www.asta-giessen.de\/en\/wp-json\/wp\/v2\/types\/post"}],"author":[{"embeddable":true,"href":"https:\/\/www.asta-giessen.de\/en\/wp-json\/wp\/v2\/users\/34"}],"replies":[{"embeddable":true,"href":"https:\/\/www.asta-giessen.de\/en\/wp-json\/wp\/v2\/comments?post=4822"}],"version-history":[{"count":0,"href":"https:\/\/www.asta-giessen.de\/en\/wp-json\/wp\/v2\/posts\/4822\/revisions"}],"wp:featuredmedia":[{"embeddable":true,"href":"https:\/\/www.asta-giessen.de\/en\/wp-json\/wp\/v2\/media\/4827"}],"wp:attachment":[{"href":"https:\/\/www.asta-giessen.de\/en\/wp-json\/wp\/v2\/media?parent=4822"}],"wp:term":[{"taxonomy":"category","embeddable":true,"href":"https:\/\/www.asta-giessen.de\/en\/wp-json\/wp\/v2\/categories?post=4822"},{"taxonomy":"post_tag","embeddable":true,"href":"https:\/\/www.asta-giessen.de\/en\/wp-json\/wp\/v2\/tags?post=4822"}],"curies":[{"name":"wp","href":"https:\/\/api.w.org\/{rel}","templated":true}]}}