{"id":4892,"date":"2020-06-12T10:08:50","date_gmt":"2020-06-12T08:08:50","guid":{"rendered":"https:\/\/www.asta-giessen.de\/?p=4892"},"modified":"2021-01-10T18:19:40","modified_gmt":"2021-01-10T17:19:40","slug":"buntes-verkehrswende-strassenfest-5-in-der-gruenberger-strasse-in-giessen-mit-dem-fokus-auf-die-regiotram-fuer-giessen","status":"publish","type":"post","link":"https:\/\/www.asta-giessen.de\/en\/buntes-verkehrswende-strassenfest-5-in-der-gruenberger-strasse-in-giessen-mit-dem-fokus-auf-die-regiotram-fuer-giessen\/","title":{"rendered":"Buntes Verkehrswende-Stra\u00dfenfest #5 in der Gr\u00fcnberger Stra\u00dfe in Gie\u00dfen &#8211; mit dem Fokus auf die RegioTram f\u00fcr Gie\u00dfen"},"content":{"rendered":"<h1><strong>RECLAIM YOUR STREETS!<\/strong><\/h1>\n<h2>Buntes Verkehrswende-Stra\u00dfenfest #5 in der Gr\u00fcnberger Stra\u00dfe in Gie\u00dfen &#8211; mit dem Fokus auf die RegioTram f\u00fcr Gie\u00dfen<\/h2>\n<p><strong>Das f\u00fcr April geplante Stra\u00dfenfest wurde wegen Corona abgesagt. Daher gibt es am 20.6. ein alternatives Programm &#8211; selbstverst\u00e4ndlich mit ausreichend Abstand! Bitte auch alle an einen Mundschutz denken und ausreichend Abstand halten (2m)!!! Beachtet au\u00dferdem die Hinweise vor Ort.<\/strong><\/p>\n<p>Am Samstag, 20. Juni 2020 wird von 12:00 Uhr &#8211; 18:00 Uhr ein Teil Gie\u00dfens f\u00fcr ein buntes Stra\u00dfenfest autofrei: Auf der Gr\u00fcnberger Stra\u00dfe &#8211; zwischen Berliner Platz und Licher Gabel &#8211; wird f\u00fcr mehrere Stunden kein motorisierter Individualverkehr fahren. Statt fahrender Autos, lautem Verkehrsl\u00e4rm und Abgas-Mief wird dort ein vielf\u00e4ltiges Kultur-Programm stattfinden.<\/p>\n<h2><strong>Daf\u00fcr braucht es Dich!<\/strong><\/h2>\n<p>Du willst nicht einfach nur dabei sein? Dann Unterst\u00fctze das Verkehrswende-Stra\u00dfenfest mit Deiner Idee: Was k\u00f6nnte eine Stra\u00dfe noch sein, au\u00dfer Verkehrsraum?<\/p>\n<p>Wohnzimmer? B\u00fchne? Sportfeld? Tr\u00f6delmarkt? Diskussionsort? Streetfood-Genussplatz? Gr\u00fcne Oase? Chillout-Area? An diesem Tag ist alles m\u00f6glich!<\/p>\n<p>Stra\u00dfenmusik, Spiele, Kreidemalerei, Workshop, Theater, Lesung, leckerer selbstgebackener Kuchen, Kunstausstellung&#8230; Werde mit uns aktiv und kreativ und gestalte den Tag mit.<\/p>\n<p>\u00dcberleg Dir gemeinsam mit Deiner Familie, Deiner WG, Deiner Freund*in oder einem Menschen aus einer Organisation in der Du aktiv bist, etwas Spannendes f\u00fcr diesen Stra\u00dfenabschnitt und sei beim Verkehrswende-Tag im April dabei!<\/p>\n<p>Schreib uns einfach eine Nachricht &#8211; mit deinen Kontaktdaten und einer Kurzbeschreibung deines Projekts &#8211; an: <a href=\"mailto:oeffentlichkeit@asta-giessen.de\">oeffentlichkeit@asta-giessen.de<\/a><\/p>\n<p>Wir freuen uns auf dich!<\/p>\n<header class=\"entry-header\">\n<h1 class=\"entry-title\">Verkehrswende in Gie\u00dfen. Die konkreten Vorschl\u00e4ge f\u00fcr Stadt und Umland<\/h1>\n<\/header>\n<div class=\"entry-content\">\n<div class=\"timely ai1ec-single-event\n\tai1ec-event-id-4334\n\tai1ec-event-instance-id-7\n\t\t\"><a id=\"ai1ec-event\"><\/a><\/p>\n<div class=\"ai1ec-actions\">\n<div class=\"ai1ec-btn-group-vertical ai1ec-clearfix\"><\/div>\n<\/div>\n<\/div>\n<\/div>\n<div class=\"timely ai1ec-single-event\n\tai1ec-event-id-4334\n\tai1ec-event-instance-id-7\n\t\t\"><\/p>\n<div class=\"ai1ec-event-details ai1ec-clearfix\">\n<div class=\"ai1ec-time ai1ec-row\">\n<div class=\"ai1ec-field-label ai1ec-col-sm-3\">Wann:<\/div>\n<div class=\"ai1ec-field-value ai1ec-col-sm-9 dt-duration\">27. Februar 2020 um 18:00 \u2013 20:00<\/div>\n<\/div>\n<div class=\"ai1ec-location ai1ec-row\">\n<div class=\"ai1ec-field-label ai1ec-col-sm-3\">Wo:<\/div>\n<div class=\"ai1ec-field-value ai1ec-col-sm-9 p-location\">AUB &#8211; Alte Universit\u00e4tsbibliothek<br \/>\nBismarckstr. 37<\/div>\n<\/div>\n<div class=\"ai1ec-cost ai1ec-row\">\n<div class=\"ai1ec-field-label ai1ec-col-sm-3\">Preis:<\/div>\n<div class=\"ai1ec-field-value ai1ec-col-sm-9\">Kostenlos<\/div>\n<\/div>\n<div class=\"ai1ec-contact ai1ec-row\">\n<div class=\"ai1ec-field-label ai1ec-col-sm-3\">Kontakt:<\/div>\n<div class=\"ai1ec-field-value ai1ec-col-sm-9\">\n<div class=\"h-card\">\n<div class=\"ai1ec-contact-name p-name\"><i class=\"ai1ec-fa ai1ec-fa-fw ai1ec-fa-user\"><\/i> Referat f\u00fcr \u00d6kologie und Klimagerechtigkeit<\/div>\n<div class=\"ai1ec-contact-email\"><a class=\"u-email\" href=\"mailto:oekologie@asta-giessen.de\"><i class=\"ai1ec-fa ai1ec-fa-fw ai1ec-fa-envelope-o\"><\/i> E-Mail<\/a><\/div>\n<div class=\"ai1ec-contact-url\"><a class=\"u-url\" href=\"https:\/\/www.asta-giessen.de\/verkehrswende\/\" target=\"_blank\" rel=\"noopener\"><i class=\"ai1ec-fa ai1ec-fa-fw ai1ec-fa-link\"><\/i> Website der Veranstaltung <i class=\"ai1ec-fa ai1ec-fa-external-link\"><\/i><\/a><\/div>\n<\/div>\n<\/div>\n<\/div>\n<div class=\"ai1ec-categories ai1ec-row\">\n<div class=\"ai1ec-field-label ai1ec-col-sm-3 ai1ec-col-xs-1\"><\/div>\n<div class=\"ai1ec-field-value ai1ec-col-sm-9 ai1ec-col-xs-10\"><a class=\" ai1ec-category ai1ec-term-id-495 p-category\" href=\"https:\/\/www.asta-giessen.de\/calendar-2\/cat_ids~495\/\"> Verkehrswende in und um Gie\u00dfen. Konzepte f\u00fcr eine lebenswerte Region<\/a><\/div>\n<\/div>\n<\/div>\n<\/div>\n<p>Ein dichtes Netz von Fahrradstra\u00dfen, eine autofreie Innenstadt, mehrere Stra\u00dfenbahnlinien mit Anbindung an die umgebenden Bahnstrecken, Bus-Zubringerlinien und eine Uni-Seilbahn: F\u00fcr die Stadt Gie\u00dfen und das Umland sind konkrete L\u00f6sungsvorschl\u00e4ge f\u00fcr eine Verkehrswende entstanden. In einer Pr\u00e4sentation sollen diese erl\u00e4utert und dann Raum f\u00fcr die Diskussion er\u00f6ffnet werden. Kritik, neue Vorschl\u00e4ge und Ideen zur Umsetzung sind willkommen!<\/p>\n<p><img loading=\"lazy\" decoding=\"async\" class=\"alignleft wp-image-4209\" src=\"https:\/\/www.asta-giessen.de\/wp-content\/uploads\/2020\/01\/Joerg_Bergstedt_Verkehrswende_in_Giessen-150x150.jpg\" alt=\"\" width=\"181\" height=\"181\" \/><\/p>\n","protected":false},"excerpt":{"rendered":"<p>RECLAIM YOUR STREETS! Buntes Verkehrswende-Stra\u00dfenfest #5 in der Gr\u00fcnberger Stra\u00dfe in Gie\u00dfen &#8211; mit dem Fokus auf die RegioTram f\u00fcr Gie\u00dfen Das f\u00fcr April geplante &hellip; <\/p>\n","protected":false},"author":34,"featured_media":4900,"comment_status":"closed","ping_status":"closed","sticky":false,"template":"","format":"standard","meta":{"footnotes":""},"categories":[497,415],"tags":[],"class_list":["post-4892","post","type-post","status-publish","format-standard","has-post-thumbnail","hentry","category-archiev","category-verkehrswende","latest_post"],"translation":{"provider":"WPGlobus","version":"3.0.2","language":"en","enabled_languages":["de","en"],"languages":{"de":{"title":true,"content":true,"excerpt":false},"en":{"title":false,"content":false,"excerpt":false}}},"_links":{"self":[{"href":"https:\/\/www.asta-giessen.de\/en\/wp-json\/wp\/v2\/posts\/4892","targetHints":{"allow":["GET"]}}],"collection":[{"href":"https:\/\/www.asta-giessen.de\/en\/wp-json\/wp\/v2\/posts"}],"about":[{"href":"https:\/\/www.asta-giessen.de\/en\/wp-json\/wp\/v2\/types\/post"}],"author":[{"embeddable":true,"href":"https:\/\/www.asta-giessen.de\/en\/wp-json\/wp\/v2\/users\/34"}],"replies":[{"embeddable":true,"href":"https:\/\/www.asta-giessen.de\/en\/wp-json\/wp\/v2\/comments?post=4892"}],"version-history":[{"count":0,"href":"https:\/\/www.asta-giessen.de\/en\/wp-json\/wp\/v2\/posts\/4892\/revisions"}],"wp:featuredmedia":[{"embeddable":true,"href":"https:\/\/www.asta-giessen.de\/en\/wp-json\/wp\/v2\/media\/4900"}],"wp:attachment":[{"href":"https:\/\/www.asta-giessen.de\/en\/wp-json\/wp\/v2\/media?parent=4892"}],"wp:term":[{"taxonomy":"category","embeddable":true,"href":"https:\/\/www.asta-giessen.de\/en\/wp-json\/wp\/v2\/categories?post=4892"},{"taxonomy":"post_tag","embeddable":true,"href":"https:\/\/www.asta-giessen.de\/en\/wp-json\/wp\/v2\/tags?post=4892"}],"curies":[{"name":"wp","href":"https:\/\/api.w.org\/{rel}","templated":true}]}}