{"id":4896,"date":"2020-06-12T10:11:49","date_gmt":"2020-06-12T08:11:49","guid":{"rendered":"https:\/\/www.asta-giessen.de\/?p=4896"},"modified":"2020-08-17T11:03:08","modified_gmt":"2020-08-17T09:03:08","slug":"kritik-an-der-postwachstumsoekonomie-webinar-mit-mathias-beschorner","status":"publish","type":"post","link":"https:\/\/www.asta-giessen.de\/en\/kritik-an-der-postwachstumsoekonomie-webinar-mit-mathias-beschorner\/","title":{"rendered":"Kritik an der Postwachstums\u00f6konomie. Webinar mit Mathias Beschorner"},"content":{"rendered":"<div class=\"page_wrap\">\n<div class=\"im_page_wrap\">\n<div class=\"im_page_split clearfix\">\n<div class=\"im_history_col_wrap im_history_loaded\">\n<div class=\"im_history_selected_wrap\">\n<div class=\"im_history_col\">\n<div class=\"im_history_wrap im_history_scrollable_wrap mobile_scrollable_wrap\">\n<div class=\"im_history_scrollable\">\n<div class=\"im_history im_history_selectable\">\n<div class=\"im_history_messages im_history_messages_group\">\n<div class=\"im_history_messages_peer\">\n<div class=\"im_history_message_wrap im_grouped\">\n<div class=\"im_message_outer_wrap\">\n<div class=\"im_message_wrap clearfix\">\n<div class=\"im_content_message_wrap im_message_in\">\n<div>\n<div class=\"im_message_body\">\n<p dir=\"auto\">Wirtschaften ohne Wachstum? Laut der Postwachstums\u00f6konomie kein Problem! (Vortrag von Nico Peach vom Januar 2020 kann <a href=\"https:\/\/www.asta-giessen.de\/vortrag-von-prof-dr-niko-paech-rebellieren-fuer-eine-wirtschaft-ohne-wachstum-warum-und-wie\/\">hier<\/a> angeh\u00f6rt werden) Neben weiteren Ma\u00dfnahmen und Annahmen st\u00fctzt sich die Postwachstums\u00f6konomie auf ein regional-st\u00e4rkendes Konzept, inklusive einer Regional-W\u00e4hrung. Dass dieser Ansatz f\u00fcr nationalistische Kr\u00e4ften anschlussf\u00e4hig ist, wird immer wieder kritisiert, eine Kritik kommt von Mathias Beschorner, den wir f\u00fcr euch zu einem Webinar eingeladen haben. Doch Mathias Beschorner kritisiert nicht nur diesen einen Aspekt\u2026:<\/p>\n<p class=\"im_message_text\" dir=\"auto\">\u201eDie \u00bbPostwachstums\u00f6konomie\u00ab kann weder die \u00f6kologische noch die soziale Frage l\u00f6sen. Sie geht mit einem Abgrenzungsbed\u00fcrfnis gegen\u00fcber den arbeitenden Klassen einher und ist anschlussf\u00e4hig f\u00fcr die politische Rechte. Postwachstumstheoretiker*innen setzen auf ein neues Menschenbild, auf eine Ethik des Verzichts und sie tragen Forderungen an die Menschen heran, die zu einer Alltagsreligion geworden sind. Sie f\u00fchren zu Schuldgef\u00fchlen und erwecken den Eindruck moralischer \u00dcberlegenheit. Wichtiger als die Kritik des Wachstumsprinzips w\u00e4re es allerdings, die \u00f6kologische Krise selbst in den Fokus der Kritik zu r\u00fccken und zu er\u00f6rtern, was sie mit der Funktionsweise der kapitalistischen Gesellschaft zu tun hat.\u201c \u2013<br \/>\nMathias Beschorner ist Historiker und freier Autor. Er lebt in Leipzig und referiert zu den Themen \u00bbPostwachstumsideologie\u00ab und \u00bbPolyamorie\u00ab. Gemeinsam mit Konstantin Nowotny und Jennifer Stevens arbeitet er an einem Sammelband zur romantischen Liebe, offenen Beziehungen und zu Polyamorie.<\/p>\n<p dir=\"auto\">Zugang zum Webinar: <a href=\"https:\/\/bbb.daten.reisen\/b\/arn-qnz-csk\">https:\/\/bbb.daten.reisen\/b\/arn-qnz-csk<\/a><\/p>\n<\/div>\n<\/div>\n<\/div>\n<\/div>\n<\/div>\n<\/div>\n<\/div>\n<\/div>\n<\/div>\n<\/div>\n<\/div>\n<\/div>\n<\/div>\n<\/div>\n<\/div>\n<\/div>\n<\/div>\n","protected":false},"excerpt":{"rendered":"<p>Wirtschaften ohne Wachstum? Laut der Postwachstums\u00f6konomie kein Problem! (Vortrag von Nico Peach vom Januar 2020 kann hier angeh\u00f6rt werden) Neben weiteren Ma\u00dfnahmen und Annahmen st\u00fctzt &hellip; <\/p>\n","protected":false},"author":34,"featured_media":4889,"comment_status":"closed","ping_status":"closed","sticky":false,"template":"","format":"standard","meta":{"footnotes":""},"categories":[1,497],"tags":[],"class_list":["post-4896","post","type-post","status-publish","format-standard","has-post-thumbnail","hentry","category-allgemein","category-archiev","latest_post"],"translation":{"provider":"WPGlobus","version":"3.0.2","language":"en","enabled_languages":["de","en"],"languages":{"de":{"title":true,"content":true,"excerpt":false},"en":{"title":false,"content":false,"excerpt":false}}},"_links":{"self":[{"href":"https:\/\/www.asta-giessen.de\/en\/wp-json\/wp\/v2\/posts\/4896","targetHints":{"allow":["GET"]}}],"collection":[{"href":"https:\/\/www.asta-giessen.de\/en\/wp-json\/wp\/v2\/posts"}],"about":[{"href":"https:\/\/www.asta-giessen.de\/en\/wp-json\/wp\/v2\/types\/post"}],"author":[{"embeddable":true,"href":"https:\/\/www.asta-giessen.de\/en\/wp-json\/wp\/v2\/users\/34"}],"replies":[{"embeddable":true,"href":"https:\/\/www.asta-giessen.de\/en\/wp-json\/wp\/v2\/comments?post=4896"}],"version-history":[{"count":0,"href":"https:\/\/www.asta-giessen.de\/en\/wp-json\/wp\/v2\/posts\/4896\/revisions"}],"wp:featuredmedia":[{"embeddable":true,"href":"https:\/\/www.asta-giessen.de\/en\/wp-json\/wp\/v2\/media\/4889"}],"wp:attachment":[{"href":"https:\/\/www.asta-giessen.de\/en\/wp-json\/wp\/v2\/media?parent=4896"}],"wp:term":[{"taxonomy":"category","embeddable":true,"href":"https:\/\/www.asta-giessen.de\/en\/wp-json\/wp\/v2\/categories?post=4896"},{"taxonomy":"post_tag","embeddable":true,"href":"https:\/\/www.asta-giessen.de\/en\/wp-json\/wp\/v2\/tags?post=4896"}],"curies":[{"name":"wp","href":"https:\/\/api.w.org\/{rel}","templated":true}]}}