{"id":5255,"date":"2020-10-30T15:59:13","date_gmt":"2020-10-30T14:59:13","guid":{"rendered":"https:\/\/www.asta-giessen.de\/?p=5255"},"modified":"2020-10-30T15:59:13","modified_gmt":"2020-10-30T14:59:13","slug":"sportzubehoer-an-den-wohnheimen-im-eichendorffring-und-der-gruenberger-strasse","status":"publish","type":"post","link":"https:\/\/www.asta-giessen.de\/en\/sportzubehoer-an-den-wohnheimen-im-eichendorffring-und-der-gruenberger-strasse\/","title":{"rendered":"Sportzubeh\u00f6r an den Wohnheimen im Eichendorffring und der Gr\u00fcnberger Stra\u00dfe"},"content":{"rendered":"<p>An alle Bewohner*innen der Wohnheime an der Gr\u00fcnberger Stra\u00dfe und Eichendorffring: Der Semesterbeginn r\u00fcckt immer n\u00e4her und viele Bewohner*innen kehren wieder zur\u00fcck nach Gie\u00dfen. An der Gr\u00fcnberger Stra\u00dfe gibt es einen gro\u00dfen Fu\u00dfballplatz, der sehr gerne von den Bewohner*innen genutzt werden m\u00f6chte. Leider war der Platz sehr ungepflegt, die Netze waren zerst\u00f6rt und es gab keine Fu\u00dfb\u00e4lle. Das hat sich jetzt ver\u00e4ndert: Der Platz wurde frisch gem\u00e4ht, die Netze wurden erneuert und ganz neue Fu\u00dfb\u00e4lle sind beim Wohnheimberater abholbereit. F\u00fcr das Fu\u00dfballspielen m\u00fcssen die Bewohner*innen nicht mehr bis zum Kugelberg laufen. Der eigene Platz steht jetzt zur Verf\u00fcgung und kann uneingeschr\u00e4nkt genutzt werden. Am Eichendorffring stehen Fu\u00dfb\u00e4lle und Basketb\u00e4lle ab sofort zur Verf\u00fcgung und k\u00f6nnen beim Wohnheimberater abholt werden. Achtet bitte darauf, dass die B\u00e4lle wieder zur\u00fcckgegeben werden, damit die anderen Bewohner*innen ebenfalls davon profitieren k\u00f6nnen. Neue Kompressoren f\u00fcr das Aufpumpen der B\u00e4lle stehen ebenfalls ab sofort zur Verf\u00fcgung. Bei weiteren Fragen k\u00f6nnt ihr euch gerne beim Referat f\u00fcr Wohnen und Soziales melden.<\/p>\n<p>&nbsp;<\/p>\n<p>Wichtige Info: Wie manche Bewohner*innen bereits mitbekommen haben, gibt es nur am Eichendorffring einen festen Wohnheimberater, welcher an Montagen ebenfalls an der Gr\u00fcnbergerstra\u00dfe sich befindet. Bis neue Wohnheimberater eingestellt werden, ist der Zugriff f\u00fcr das Sportzubeh\u00f6r derzeit beschr\u00e4nkt.<\/p>\n","protected":false},"excerpt":{"rendered":"<p>An alle Bewohner*innen der Wohnheime an der Gr\u00fcnberger Stra\u00dfe und Eichendorffring: Der Semesterbeginn r\u00fcckt immer n\u00e4her und viele Bewohner*innen kehren wieder zur\u00fcck nach Gie\u00dfen. An &hellip; <\/p>\n","protected":false},"author":34,"featured_media":5256,"comment_status":"closed","ping_status":"closed","sticky":false,"template":"","format":"standard","meta":{"footnotes":""},"categories":[1],"tags":[],"class_list":["post-5255","post","type-post","status-publish","format-standard","has-post-thumbnail","hentry","category-allgemein","latest_post"],"translation":{"provider":"WPGlobus","version":"3.0.2","language":"en","enabled_languages":["de","en"],"languages":{"de":{"title":true,"content":true,"excerpt":false},"en":{"title":false,"content":false,"excerpt":false}}},"_links":{"self":[{"href":"https:\/\/www.asta-giessen.de\/en\/wp-json\/wp\/v2\/posts\/5255","targetHints":{"allow":["GET"]}}],"collection":[{"href":"https:\/\/www.asta-giessen.de\/en\/wp-json\/wp\/v2\/posts"}],"about":[{"href":"https:\/\/www.asta-giessen.de\/en\/wp-json\/wp\/v2\/types\/post"}],"author":[{"embeddable":true,"href":"https:\/\/www.asta-giessen.de\/en\/wp-json\/wp\/v2\/users\/34"}],"replies":[{"embeddable":true,"href":"https:\/\/www.asta-giessen.de\/en\/wp-json\/wp\/v2\/comments?post=5255"}],"version-history":[{"count":0,"href":"https:\/\/www.asta-giessen.de\/en\/wp-json\/wp\/v2\/posts\/5255\/revisions"}],"wp:featuredmedia":[{"embeddable":true,"href":"https:\/\/www.asta-giessen.de\/en\/wp-json\/wp\/v2\/media\/5256"}],"wp:attachment":[{"href":"https:\/\/www.asta-giessen.de\/en\/wp-json\/wp\/v2\/media?parent=5255"}],"wp:term":[{"taxonomy":"category","embeddable":true,"href":"https:\/\/www.asta-giessen.de\/en\/wp-json\/wp\/v2\/categories?post=5255"},{"taxonomy":"post_tag","embeddable":true,"href":"https:\/\/www.asta-giessen.de\/en\/wp-json\/wp\/v2\/tags?post=5255"}],"curies":[{"name":"wp","href":"https:\/\/api.w.org\/{rel}","templated":true}]}}