{"id":5498,"date":"2021-02-02T21:57:10","date_gmt":"2021-02-02T20:57:10","guid":{"rendered":"https:\/\/www.asta-giessen.de\/?p=5498"},"modified":"2021-02-02T21:57:10","modified_gmt":"2021-02-02T20:57:10","slug":"leistungslogik-bricht-maximal-digital-jetzt-die-notbremse-ziehen","status":"publish","type":"post","link":"https:\/\/www.asta-giessen.de\/en\/leistungslogik-bricht-maximal-digital-jetzt-die-notbremse-ziehen\/","title":{"rendered":"Leistungslogik bricht maximal digital? &#8211; Jetzt die Notbremse ziehen!"},"content":{"rendered":"<p>Der Allgemeine Studierendenausschuss (AStA) der Justus-Liebig-Universit\u00e4t Gie\u00dfen zeigt sich entsetzt \u00fcber das Festhalten des Pr\u00e4sidiums und des Krisenstabs an Pr\u00e4senzformaten in der kommenden Pr\u00fcfungsphase und unterst\u00fctzt den Protest zahlreicher Studierender, welche u.a. eine Petition zu diesem Thema ins Leben gerufen haben.<\/p>\n<p><strong>Zum Schutz der Studierenden und aus Verantwortung f\u00fcr die Gesamtgesellschaft fordert der AStA die fl\u00e4chendeckende verpflichtende Etablierung alternativer Pr\u00fcfungsformen zu den bisher geplanten Pr\u00e4senzpr\u00fcfungen. Dabei muss darauf geachtet werden, dass Nachteile oder ein unzumutbarer Mehraufwand f\u00fcr die Studierenden vermieden werden. Ausnahmen sollte es nur in besonderen F\u00e4llen und unter strengsten Hygieneauflagen geben, z.B. f\u00fcr Studieng\u00e4nge, in denen praktische Pr\u00fcfungen vor Ort durchgef\u00fchrt werden m\u00fcssen, oder f\u00fcr Studierende, f\u00fcr die es keine Alternative zur Pr\u00e4senzpr\u00fcfung gibt. In diesen F\u00e4llen muss vor Pr\u00fcfungsantritt durch Bereitstellung von FFP2-Masken und Schnelltests das Risiko einer Infektion minimiert werden.<\/strong><\/p>\n<p>F\u00fcr alle Studierende ist eine Infektion ein ernstzunehmendes Risiko, besonders unter Ber\u00fccksichtigung der neuen hochansteckenden Mutationen des Coronavirus. Schwere Verl\u00e4ufe und Langzeitfolgen sind bei allen Personen m\u00f6glich und und die Kontaktverfolgung aufgrund asymptomatischer Verl\u00e4ufe oft schwierig. Das Infektionsgeschehen in Deutschland und Hessen ist dramatisch &#8211; auch im Hinblick auf das etwa einmonatige Verharren der Stadt Gie\u00dfen in Eskalationsstufe Schwarz um die Jahreswende. In der Rundmail vom 26. Januar 2021 schreibt das Pr\u00e4sidium: \u201ePr\u00e4senzklausuren werden nur in den F\u00e4llen durchgef\u00fchrt, in denen sich keine alternativen Pr\u00fcfungsformate anbieten.\u201d<\/p>\n<p>F\u00fcr den AStA folgen dieser Haltung zu wenige Taten. Nur in absoluten Ausnahmef\u00e4llen soll auf Pr\u00e4senzpr\u00fcfungen zur\u00fcckgegriffen werden! Die Hochschulleitung muss hier zum Schutz ihrer 28.000 Studierenden und den tausenden in der Lehre t\u00e4tigen Angestellten endlich Verantwortung \u00fcbernehmen und klare Vorgaben machen. Sollten hier rechtliche Regelungen seitens des Landes oder des Bundes erforderlich sein, muss dies vehement eingefordert werden.<\/p>\n<p>Auch wenn f\u00fcr jede Klausur ein umfangreiches Hygienekonzept entwickelt wird &#8211; Risiken bleiben bestehen! Nicht in allen R\u00e4umen ist L\u00fcften m\u00f6glich; die dadurch entstehende K\u00e4lte ist in der jetzigen Jahreszeit ohnehin ein unzumutbarer Umstand f\u00fcr mehrst\u00fcndige Pr\u00fcfungen. Jegliche Menschenansammlungen &#8211; auch mit Sicherheitsabstand und Maske- bergen ein Ansteckungsrisiko. \u00dcberdies deckt auch das beste Hygienekonzept die An- und Abreise nicht mit ab. In \u00f6ffentlichen Verkehrsmitteln kann der erforderliche Mindestabstand oft nicht eingehalten werden. Gerade wenn sich hunderte Studierende gleichzeitig zu einem Pr\u00fcfungsort begeben m\u00fcssen wird dies unm\u00f6glich. Studierende, die nicht aus Gie\u00dfen anreisen und nicht auf ein Auto zur\u00fcckgreifen k\u00f6nnen, werden in diesem Fall erh\u00f6hter Infektionsgefahr ausgesetzt.<br \/>\nWir fordern: Die Pr\u00e4senzklausuren der n\u00e4chsten Wochen m\u00fcssen zum Schutz der Studierenden und Lehrenden auf ein absolutes Minimum reduziert werden.<\/p>\n<p><strong>Das Vorhaben des Pr\u00e4sidiums \u201ePr\u00e4senzklausuren werden nur in den F\u00e4llen durchgef\u00fchrt, in denen sich keine alternativen Pr\u00fcfungsformate anbieten&#8221; soll endlich zur Handlungsmaxime gemacht werden!<\/strong><\/p>\n","protected":false},"excerpt":{"rendered":"<p>Der Allgemeine Studierendenausschuss (AStA) der Justus-Liebig-Universit\u00e4t Gie\u00dfen zeigt sich entsetzt \u00fcber das Festhalten des Pr\u00e4sidiums und des Krisenstabs an Pr\u00e4senzformaten in der kommenden Pr\u00fcfungsphase und &hellip; <\/p>\n","protected":false},"author":34,"featured_media":0,"comment_status":"closed","ping_status":"closed","sticky":false,"template":"","format":"standard","meta":{"footnotes":""},"categories":[1],"tags":[],"class_list":["post-5498","post","type-post","status-publish","format-standard","hentry","category-allgemein","latest_post"],"translation":{"provider":"WPGlobus","version":"3.0.2","language":"en","enabled_languages":["de","en"],"languages":{"de":{"title":true,"content":true,"excerpt":false},"en":{"title":false,"content":false,"excerpt":false}}},"_links":{"self":[{"href":"https:\/\/www.asta-giessen.de\/en\/wp-json\/wp\/v2\/posts\/5498","targetHints":{"allow":["GET"]}}],"collection":[{"href":"https:\/\/www.asta-giessen.de\/en\/wp-json\/wp\/v2\/posts"}],"about":[{"href":"https:\/\/www.asta-giessen.de\/en\/wp-json\/wp\/v2\/types\/post"}],"author":[{"embeddable":true,"href":"https:\/\/www.asta-giessen.de\/en\/wp-json\/wp\/v2\/users\/34"}],"replies":[{"embeddable":true,"href":"https:\/\/www.asta-giessen.de\/en\/wp-json\/wp\/v2\/comments?post=5498"}],"version-history":[{"count":0,"href":"https:\/\/www.asta-giessen.de\/en\/wp-json\/wp\/v2\/posts\/5498\/revisions"}],"wp:attachment":[{"href":"https:\/\/www.asta-giessen.de\/en\/wp-json\/wp\/v2\/media?parent=5498"}],"wp:term":[{"taxonomy":"category","embeddable":true,"href":"https:\/\/www.asta-giessen.de\/en\/wp-json\/wp\/v2\/categories?post=5498"},{"taxonomy":"post_tag","embeddable":true,"href":"https:\/\/www.asta-giessen.de\/en\/wp-json\/wp\/v2\/tags?post=5498"}],"curies":[{"name":"wp","href":"https:\/\/api.w.org\/{rel}","templated":true}]}}