{"id":5537,"date":"2021-02-12T12:10:38","date_gmt":"2021-02-12T11:10:38","guid":{"rendered":"https:\/\/www.asta-giessen.de\/?p=5537"},"modified":"2021-02-12T12:10:38","modified_gmt":"2021-02-12T11:10:38","slug":"fotowettbewerb-giessen-green-spaces","status":"publish","type":"post","link":"https:\/\/www.asta-giessen.de\/en\/fotowettbewerb-giessen-green-spaces\/","title":{"rendered":"Fotowettbewerb &#8220;Gie\u00dfen Green Spaces&#8221;"},"content":{"rendered":"<p><a href=\"https:\/\/www.asta-giessen.de\/wp-content\/uploads\/2021\/02\/greenspaces_winter.png\"><img loading=\"lazy\" decoding=\"async\" class=\"alignnone size-medium wp-image-5538\" src=\"https:\/\/www.asta-giessen.de\/wp-content\/uploads\/2021\/02\/greenspaces_winter-300x300.png\" alt=\"\" width=\"300\" height=\"300\" srcset=\"https:\/\/www.asta-giessen.de\/wp-content\/uploads\/2021\/02\/greenspaces_winter-300x300.png 300w, https:\/\/www.asta-giessen.de\/wp-content\/uploads\/2021\/02\/greenspaces_winter-1024x1024.png 1024w, https:\/\/www.asta-giessen.de\/wp-content\/uploads\/2021\/02\/greenspaces_winter-150x150.png 150w, https:\/\/www.asta-giessen.de\/wp-content\/uploads\/2021\/02\/greenspaces_winter-768x768.png 768w, https:\/\/www.asta-giessen.de\/wp-content\/uploads\/2021\/02\/greenspaces_winter.png 1080w\" sizes=\"auto, (max-width: 300px) 100vw, 300px\" \/><\/a><\/p>\n<p>Fotowettbewerb \u201cGie\u00dfen Green Spaces\u201d<\/p>\n<p>&nbsp;<\/p>\n<p>Gie\u00dfen kommt von Gr\u00fcn!<\/p>\n<p>Wir suchen die sch\u00f6nsten Fotos von euren Lieblings-Green-Spaces in und um Gie\u00dfen.<\/p>\n<p>Geht nach drau\u00dfen und macht ein aktuelles Foto in ausreichender Qualit\u00e4t von eurem Lieblingsnaturplatz und schickt es uns mit einer kurzen Beschreibung des Ortes und warum ihr ihn so gerne m\u00f6gt an:<\/p>\n<p>\u00f6kologie@asta-giessen.de oder per Facebook oder Instagram (Stichwort: Green Spaces).<\/p>\n<p>&nbsp;<\/p>\n<p>Teilnehmen k\u00f6nnt ihr das ganze Jahr 2021.<\/p>\n<p>Zu jeder Jahreszeit k\u00fchren wir eine*n Gewinner*in der\/die einen 10 \u20ac Gutschein eines \u00f6kologisch-nachhaltigen Unternehmens aus Gie\u00dfen erhalten<\/p>\n<p>Ende des Jahres werden wir dann die Fotos aller Gewinner*innen zu einem h\u00fcbschen Kalender f\u00fcr 2022 zusammenstellen, den ihr dann nat\u00fcrlich auch bekommt.<\/p>\n<p>Teilnahmebedingungen:<\/p>\n<p>1) Ihr m\u00fcsst eingeschriebene*r Student*in sein<\/p>\n<p>2) Ihr habt die Fotos selbst gemacht und die Rechte Dritter werden dadurch nicht verletzt.<\/p>\n<p>3) Die Fotos m\u00fcssen eine ausreichend gute Qualit\u00e4t f\u00fcr den besitzen, da sie sp\u00e4ter gedruckt werden sollen (gute Handykamera, Digitial oder Spiegelreflex)<\/p>\n<p>4) Ihr willigt mit eurer Teilnahme ein, dass wir euch und euer Foto als Gewinner*in auf unseren Online-Kan\u00e4len ver\u00f6ffentlichen und weiter verwenden<\/p>\n<p>&nbsp;<\/p>\n<p>Viel Spa\u00df beim Knipsen, wir freuen uns auf eure Einsendungen.<\/p>\n<p>&nbsp;<\/p>\n<p>&nbsp;<\/p>\n<p>&nbsp;<\/p>\n<p>Das \u00d6kologieReferat des AStA Gie\u00dfen<\/p>\n","protected":false},"excerpt":{"rendered":"<p>Fotowettbewerb \u201cGie\u00dfen Green Spaces\u201d &nbsp; Gie\u00dfen kommt von Gr\u00fcn! Wir suchen die sch\u00f6nsten Fotos von euren Lieblings-Green-Spaces in und um Gie\u00dfen. Geht nach drau\u00dfen und &hellip; <\/p>\n","protected":false},"author":34,"featured_media":0,"comment_status":"closed","ping_status":"closed","sticky":false,"template":"","format":"standard","meta":{"footnotes":""},"categories":[1],"tags":[],"class_list":["post-5537","post","type-post","status-publish","format-standard","hentry","category-allgemein","latest_post"],"translation":{"provider":"WPGlobus","version":"3.0.2","language":"en","enabled_languages":["de","en"],"languages":{"de":{"title":true,"content":true,"excerpt":false},"en":{"title":false,"content":false,"excerpt":false}}},"_links":{"self":[{"href":"https:\/\/www.asta-giessen.de\/en\/wp-json\/wp\/v2\/posts\/5537","targetHints":{"allow":["GET"]}}],"collection":[{"href":"https:\/\/www.asta-giessen.de\/en\/wp-json\/wp\/v2\/posts"}],"about":[{"href":"https:\/\/www.asta-giessen.de\/en\/wp-json\/wp\/v2\/types\/post"}],"author":[{"embeddable":true,"href":"https:\/\/www.asta-giessen.de\/en\/wp-json\/wp\/v2\/users\/34"}],"replies":[{"embeddable":true,"href":"https:\/\/www.asta-giessen.de\/en\/wp-json\/wp\/v2\/comments?post=5537"}],"version-history":[{"count":0,"href":"https:\/\/www.asta-giessen.de\/en\/wp-json\/wp\/v2\/posts\/5537\/revisions"}],"wp:attachment":[{"href":"https:\/\/www.asta-giessen.de\/en\/wp-json\/wp\/v2\/media?parent=5537"}],"wp:term":[{"taxonomy":"category","embeddable":true,"href":"https:\/\/www.asta-giessen.de\/en\/wp-json\/wp\/v2\/categories?post=5537"},{"taxonomy":"post_tag","embeddable":true,"href":"https:\/\/www.asta-giessen.de\/en\/wp-json\/wp\/v2\/tags?post=5537"}],"curies":[{"name":"wp","href":"https:\/\/api.w.org\/{rel}","templated":true}]}}