{"id":5755,"date":"2021-04-11T21:25:22","date_gmt":"2021-04-11T19:25:22","guid":{"rendered":"https:\/\/www.asta-giessen.de\/?p=5755"},"modified":"2021-04-11T21:25:22","modified_gmt":"2021-04-11T19:25:22","slug":"vortrag-antimuslimischer-rassismus","status":"publish","type":"post","link":"https:\/\/www.asta-giessen.de\/en\/vortrag-antimuslimischer-rassismus\/","title":{"rendered":"Vortrag Antimuslimischer Rassismus"},"content":{"rendered":"<p class=\"x_x_MsoNormal\">Am 13.04. findet um 18 Uhr in Kooperation mit der @mhg.giessen ein Vortrag zu Antimuslimischem Rassismus an der Universit\u00e4t statt.Die Referentin Linda Hy\u00f6kki ist Doktorandin im Bereich der Zivilisationsforschung und besch\u00e4ftigt sich bereits seit Jahren mit antimuslimischem Rassismus.Neben der allgemeinen Darstellung dieser Diskriminierungsform soll es im Laufe des Vortrages auch darum gehen, wie diese explizit muslimische Frauen trifft.Im Anschluss an den Vortrag gibt es Raum f\u00fcr eure Fragen und den Austausch von Erfahrungen, die ihr mit Rassismus gemacht habt.<\/p>\n<p class=\"x_x_MsoNormal\">\n<p class=\"x_x_MsoNormal\">Zugang zur Veranstaltung:<\/p>\n<p class=\"x_x_MsoNormal\">\n<p class=\"x_x_MsoNormal\">Meeting-Link:<\/p>\n<p class=\"x_x_MsoNormal\">https:\/\/uni-giessen.webex.com\/uni-giessen\/j.php?MTID=maa8dce02725b869822bbf87adcaf18a2<\/p>\n<p class=\"x_x_MsoNormal\">Meeting-Kennnummer:<\/p>\n<p class=\"x_x_MsoNormal\">121 163 0538<\/p>\n<p class=\"x_x_MsoNormal\">Passwort:<\/p>\n<p class=\"x_x_MsoNormal\">rgQgiWM9G93<\/p>\n","protected":false},"excerpt":{"rendered":"<p>Am 13.04. findet um 18 Uhr in Kooperation mit der @mhg.giessen ein Vortrag zu Antimuslimischem Rassismus an der Universit\u00e4t statt.Die Referentin Linda Hy\u00f6kki ist Doktorandin &hellip; <\/p>\n","protected":false},"author":34,"featured_media":5754,"comment_status":"closed","ping_status":"closed","sticky":false,"template":"","format":"standard","meta":{"footnotes":""},"categories":[397],"tags":[],"class_list":["post-5755","post","type-post","status-publish","format-standard","has-post-thumbnail","hentry","category-politische-bildung","latest_post"],"translation":{"provider":"WPGlobus","version":"3.0.2","language":"en","enabled_languages":["de","en"],"languages":{"de":{"title":true,"content":true,"excerpt":false},"en":{"title":false,"content":false,"excerpt":false}}},"_links":{"self":[{"href":"https:\/\/www.asta-giessen.de\/en\/wp-json\/wp\/v2\/posts\/5755","targetHints":{"allow":["GET"]}}],"collection":[{"href":"https:\/\/www.asta-giessen.de\/en\/wp-json\/wp\/v2\/posts"}],"about":[{"href":"https:\/\/www.asta-giessen.de\/en\/wp-json\/wp\/v2\/types\/post"}],"author":[{"embeddable":true,"href":"https:\/\/www.asta-giessen.de\/en\/wp-json\/wp\/v2\/users\/34"}],"replies":[{"embeddable":true,"href":"https:\/\/www.asta-giessen.de\/en\/wp-json\/wp\/v2\/comments?post=5755"}],"version-history":[{"count":0,"href":"https:\/\/www.asta-giessen.de\/en\/wp-json\/wp\/v2\/posts\/5755\/revisions"}],"wp:featuredmedia":[{"embeddable":true,"href":"https:\/\/www.asta-giessen.de\/en\/wp-json\/wp\/v2\/media\/5754"}],"wp:attachment":[{"href":"https:\/\/www.asta-giessen.de\/en\/wp-json\/wp\/v2\/media?parent=5755"}],"wp:term":[{"taxonomy":"category","embeddable":true,"href":"https:\/\/www.asta-giessen.de\/en\/wp-json\/wp\/v2\/categories?post=5755"},{"taxonomy":"post_tag","embeddable":true,"href":"https:\/\/www.asta-giessen.de\/en\/wp-json\/wp\/v2\/tags?post=5755"}],"curies":[{"name":"wp","href":"https:\/\/api.w.org\/{rel}","templated":true}]}}