{"id":5765,"date":"2021-04-16T00:02:50","date_gmt":"2021-04-15T22:02:50","guid":{"rendered":"https:\/\/www.asta-giessen.de\/?p=5765"},"modified":"2021-04-16T13:07:26","modified_gmt":"2021-04-16T11:07:26","slug":"offenes-treffen-class-matters-wie-organisieren-wir-uns-an-den-hochschulen-in-giessen","status":"publish","type":"post","link":"https:\/\/www.asta-giessen.de\/en\/offenes-treffen-class-matters-wie-organisieren-wir-uns-an-den-hochschulen-in-giessen\/","title":{"rendered":"Offenes Treffen: Class Matters! \u2013 Wie organisieren wir uns an den Hochschulen in Gie\u00dfen?"},"content":{"rendered":"<p>22. April 2021, 18:00 Uhr<\/p>\n<p>Im Februar ging aus der von Student:innen und wissenschaftlichen Besch\u00e4ftigten organisierten Veranstaltungsreihe \u201eClass Matters! Soziale Herkunft und Benachteiligung im Bildungssystem\u201c die Idee hervor, sich weiter gegen soziale Ungleichheit im Bildungssystem zu engagieren. Die Workshops und Vortr\u00e4ge boten eine erste Gelegenheit, um Fakten zu checken, sich \u00fcber pers\u00f6nliche Erfahrungen auszutauschen, aber auch Gedanken f\u00fcr die Zukunft zu spinnen. Denn klar wurde, dass sich an der Diskriminierung aufgrund des sozialen Hintergrunds etwas \u00e4ndern muss!<\/p>\n<p>Hier wollen wir den Faden gerne aufnehmen und mit Euch diskutieren, wie das Thema k\u00fcnftig an den Unis in Gie\u00dfen bearbeitet werden kann. Denkbar sind beispielsweise Lesekreise, Veranstaltungsreihen und Workshops, die Gr\u00fcndung einer Arbeitsgruppe, oder sogar ein AStA-Referat. Dazu laden wir Euch am 22. April 2021 ab 18:00 Uhr (s.t.) zu einem offenen Online-Treffen ein. Gemeinsam wollen wir Ideen f\u00fcr eine Uni ohne Klassismus entwickeln.<\/p>\n<p><strong>Zugang zur Veranstaltung:<\/strong><\/p>\n<p><a href=\"https:\/\/uni-giessen.webex.com\/uni-giessen\/j.php?MTID=mc47e313c87df3bf34a178abae59bcd59\" target=\"_blank\" rel=\"noopener noreferrer\">https:\/\/uni-giessen.webex.com\/uni-giessen\/j.php?MTID=mc47e313c87df3bf34a178abae59bcd59<\/a><\/p>\n<p>Donnerstag, 22 Apr., 2021 18:00 | 2 Stunden | (UTC+02:00) Amsterdam,<br \/>\nBerlin, Bern, Rom, Stockholm, Wien<br \/>\nMeeting-Kennnummer: 121 860 0202<br \/>\nPasswort: 4xrXQpx8xT4<\/p>\n<p>\u00dcber Videosystem beitreten<br \/>\nW\u00e4hlen Sie\u00a0<a href=\"mailto:1218600202@uni-giessen.webex.com\" target=\"_blank\" rel=\"noopener noreferrer\">1218600202@uni-giessen.webex.com<\/a><br \/>\nSie k\u00f6nnen auch\u00a0<a href=\"http:\/\/62.109.219.4\/\" target=\"_blank\" rel=\"noopener noreferrer\">62.109.219.4<\/a>\u00a0w\u00e4hlen und Ihre Meeting-Nummer eingeben.<\/p>\n<p>\u00dcber Telefon beitreten<br \/>\n+49-619-6781-9736 Germany Toll<br \/>\n+49-89-95467578 Germany Toll 2<br \/>\nZugriffscode: 121 860 0202<\/p>\n","protected":false},"excerpt":{"rendered":"<p>22. April 2021, 18:00 Uhr Im Februar ging aus der von Student:innen und wissenschaftlichen Besch\u00e4ftigten organisierten Veranstaltungsreihe \u201eClass Matters! Soziale Herkunft und Benachteiligung im Bildungssystem\u201c &hellip; <\/p>\n","protected":false},"author":34,"featured_media":5768,"comment_status":"closed","ping_status":"closed","sticky":false,"template":"","format":"standard","meta":{"footnotes":""},"categories":[1],"tags":[],"class_list":["post-5765","post","type-post","status-publish","format-standard","has-post-thumbnail","hentry","category-allgemein","latest_post"],"translation":{"provider":"WPGlobus","version":"3.0.2","language":"en","enabled_languages":["de","en"],"languages":{"de":{"title":true,"content":true,"excerpt":false},"en":{"title":false,"content":false,"excerpt":false}}},"_links":{"self":[{"href":"https:\/\/www.asta-giessen.de\/en\/wp-json\/wp\/v2\/posts\/5765","targetHints":{"allow":["GET"]}}],"collection":[{"href":"https:\/\/www.asta-giessen.de\/en\/wp-json\/wp\/v2\/posts"}],"about":[{"href":"https:\/\/www.asta-giessen.de\/en\/wp-json\/wp\/v2\/types\/post"}],"author":[{"embeddable":true,"href":"https:\/\/www.asta-giessen.de\/en\/wp-json\/wp\/v2\/users\/34"}],"replies":[{"embeddable":true,"href":"https:\/\/www.asta-giessen.de\/en\/wp-json\/wp\/v2\/comments?post=5765"}],"version-history":[{"count":0,"href":"https:\/\/www.asta-giessen.de\/en\/wp-json\/wp\/v2\/posts\/5765\/revisions"}],"wp:featuredmedia":[{"embeddable":true,"href":"https:\/\/www.asta-giessen.de\/en\/wp-json\/wp\/v2\/media\/5768"}],"wp:attachment":[{"href":"https:\/\/www.asta-giessen.de\/en\/wp-json\/wp\/v2\/media?parent=5765"}],"wp:term":[{"taxonomy":"category","embeddable":true,"href":"https:\/\/www.asta-giessen.de\/en\/wp-json\/wp\/v2\/categories?post=5765"},{"taxonomy":"post_tag","embeddable":true,"href":"https:\/\/www.asta-giessen.de\/en\/wp-json\/wp\/v2\/tags?post=5765"}],"curies":[{"name":"wp","href":"https:\/\/api.w.org\/{rel}","templated":true}]}}