{"id":5800,"date":"2021-04-24T13:22:12","date_gmt":"2021-04-24T11:22:12","guid":{"rendered":"https:\/\/www.asta-giessen.de\/?p=5800"},"modified":"2021-04-24T13:22:12","modified_gmt":"2021-04-24T11:22:12","slug":"pressemitteilung-fuer-einen-campusplatz-ohne-landebahn","status":"publish","type":"post","link":"https:\/\/www.asta-giessen.de\/en\/pressemitteilung-fuer-einen-campusplatz-ohne-landebahn\/","title":{"rendered":"Pressemitteilung: F\u00fcr einen Campusplatz ohne Landebahn"},"content":{"rendered":"<p>F\u00fcr diesen Samstag ruft die Studierendenvertretung der Uni Gie\u00dfen zu einer Kundgebung auf, um sich f\u00fcr eine verkehrswendegerechte Gestaltung der umgebauten Rathenaustra\u00dfe und des neuen Campusplatzes einzusetzen.<\/p>\n<p>&nbsp;<\/p>\n<p>Mit einer Kundgebung und Fotoaktion wird diesen Samstag, den 24. April um 14 Uhr, auf die aus studentischer Sicht misslungene Neugestaltung der Rathenaustra\u00dfe aufmerksam gemacht. Die Rathenaustra\u00dfe wurde im Zuge der Umbauten am Philosophikum begradigt und f\u00fchrt in Zukunft \u00fcber den neuen Campusplatz. Die in der Planungsphase diskutierte Idee, einen &#8220;shared space&#8221; einzurichten, also eine Verkehrsfl\u00e4che auf der sich alle VerkehrsteilnehmerInnen gleichberechtigt begegnen, wurde im weiteren Verlauf der Planung durch die Stadt verworfen. Stattdessen wurde ein Minimum an Ma\u00dfnahmen geplant, um die querenden Studierenden und den Radverkehr zu sch\u00fctzen. Wie sich nun nach der Fertigstellung der Stra\u00dfe zeigt, wurden scheinbar selbst dieses minimalen Ma\u00dfnahmen verworfen denn sie wurden nicht oder nicht vollst\u00e4ndig umgesetzt. Das Ergebnis ist eine Asphaltw\u00fcste quer \u00fcber den Campusplatz, ohne Querungshilfe f\u00fcr Fu\u00dfg\u00e4ngerInnen und ohne Fahrradweg. Aus dem AStA hei\u00dft es dazu: &#8220;F\u00fcr uns ist in keinster Weise nachvollziehbar, wie der Umbau zu so einer akuten Verschlechterung der Umst\u00e4nde f\u00fchren konnte. Der Campusplatz der in Zukunft Mensa mit Bibliothek verbinden wird, wird durch eine Asphaltpiste zerschnitten die nur die Bed\u00fcrfnisse einer autofahrenden Minderheit im Blick hat. Die Bed\u00fcrfnisse von mehreren tausend StudentInnen und Angestellten die t\u00e4glich vor Ort unterwegs sind, wurden in der Umsetzung einfach ignoriert.&#8221; Wo fr\u00fcher immerhin ein Zebrastreifen war, m\u00fcssen jetzt die Fu\u00dfg\u00e4ngerInnen warten. Mit dem R\u00fcckbau des Zebrastreifens genie\u00dft der Autoverkehr absoluten Vorgang.<\/p>\n<p>&nbsp;<\/p>\n<p>Auch die w\u00e4hrend der Planungsphase von einem Planungsb\u00fcro empfohlenen Schutzma\u00dfnahmen f\u00fcr den Radverkehr wurden in wesentlichen Teilen ignoriert. Umgesetzt wurde lediglich einen viel zu schmal geratener Fahrrad-Schutzstreifen. Dieser endet ausgerechnet an den Gefahrenstellen, wie den Bushaltestellen mitten auf der Stra\u00dfe. &#8220;Der &#8216;shared space&#8217; ist f\u00fcr uns das absolute Minimum wenn es um die Gestaltung des Campusplatzes geht. Au\u00dfer f\u00fcr den \u00d6PNV und universit\u00e4re Betriebsfahrten sollte der Campusplatz f\u00fcr den Durchgangsverkehr gesperrt sein.\u201c, so das Verkehrsreferat der Studierendenvertretung. \u201eDeshalb fordern wir am Samstag die Einrichtung eines \u201eshared space\u201c mit Durchfahrtsverbot f\u00fcr private PKW.\u201c Ein Durchfahrtsverbot auf H\u00f6he der Bushaltestellen w\u00fcrde nicht nur den Verkehr \u00fcber den Campusplatz beruhigen und die Aufenthaltsqualit\u00e4t erheblich steigern. Auch in Hinsicht auf die Verkehrssicherheit im Bereich der neuen Mensa, der Ostschule und den beiden Kitas am Alten-Steinbacher-Weg ist eine Verkehrsberuhigung sicherlich erstrebenswert.<\/p>\n<p>&nbsp;<\/p>\n<p>Neben Redebeitr\u00e4gen, wird w\u00e4hrend der Versammlung eine Fotoaktion durchgef\u00fchrt werden. Dazu werden alle TeilnehmerInnen aufgerufen selbstgemalte Plakate oder Transparente mitzubringen, ein nachhaltiges Fortbewegungsmittel ihrer Wahl oder sich anderweitig kreativ einzubringen.<\/p>\n<p>&nbsp;<\/p>\n<p><u>Infos zur Versammlung:<\/u><\/p>\n<p>&nbsp;<\/p>\n<p>Samstag, 24. April 2021<\/p>\n<p>&nbsp;<\/p>\n<p>14 Uhr, Rathenaustra\u00dfe auf H\u00f6he der Bushaltestellen Philosophikum<\/p>\n<p>&nbsp;<\/p>\n","protected":false},"excerpt":{"rendered":"<p>F\u00fcr diesen Samstag ruft die Studierendenvertretung der Uni Gie\u00dfen zu einer Kundgebung auf, um sich f\u00fcr eine verkehrswendegerechte Gestaltung der umgebauten Rathenaustra\u00dfe und des neuen &hellip; <\/p>\n","protected":false},"author":34,"featured_media":5801,"comment_status":"closed","ping_status":"closed","sticky":false,"template":"","format":"standard","meta":{"footnotes":""},"categories":[1],"tags":[],"class_list":["post-5800","post","type-post","status-publish","format-standard","has-post-thumbnail","hentry","category-allgemein","latest_post"],"translation":{"provider":"WPGlobus","version":"3.0.2","language":"en","enabled_languages":["de","en"],"languages":{"de":{"title":true,"content":true,"excerpt":false},"en":{"title":false,"content":false,"excerpt":false}}},"_links":{"self":[{"href":"https:\/\/www.asta-giessen.de\/en\/wp-json\/wp\/v2\/posts\/5800","targetHints":{"allow":["GET"]}}],"collection":[{"href":"https:\/\/www.asta-giessen.de\/en\/wp-json\/wp\/v2\/posts"}],"about":[{"href":"https:\/\/www.asta-giessen.de\/en\/wp-json\/wp\/v2\/types\/post"}],"author":[{"embeddable":true,"href":"https:\/\/www.asta-giessen.de\/en\/wp-json\/wp\/v2\/users\/34"}],"replies":[{"embeddable":true,"href":"https:\/\/www.asta-giessen.de\/en\/wp-json\/wp\/v2\/comments?post=5800"}],"version-history":[{"count":0,"href":"https:\/\/www.asta-giessen.de\/en\/wp-json\/wp\/v2\/posts\/5800\/revisions"}],"wp:featuredmedia":[{"embeddable":true,"href":"https:\/\/www.asta-giessen.de\/en\/wp-json\/wp\/v2\/media\/5801"}],"wp:attachment":[{"href":"https:\/\/www.asta-giessen.de\/en\/wp-json\/wp\/v2\/media?parent=5800"}],"wp:term":[{"taxonomy":"category","embeddable":true,"href":"https:\/\/www.asta-giessen.de\/en\/wp-json\/wp\/v2\/categories?post=5800"},{"taxonomy":"post_tag","embeddable":true,"href":"https:\/\/www.asta-giessen.de\/en\/wp-json\/wp\/v2\/tags?post=5800"}],"curies":[{"name":"wp","href":"https:\/\/api.w.org\/{rel}","templated":true}]}}