{"id":5882,"date":"2021-05-20T19:42:57","date_gmt":"2021-05-20T17:42:57","guid":{"rendered":"https:\/\/www.asta-giessen.de\/?p=5882"},"modified":"2021-05-26T06:59:57","modified_gmt":"2021-05-26T04:59:57","slug":"antisemitismus-und-verschwoerungsmythen-im-rahmen-der-querdenken-bewegung","status":"publish","type":"post","link":"https:\/\/www.asta-giessen.de\/en\/antisemitismus-und-verschwoerungsmythen-im-rahmen-der-querdenken-bewegung\/","title":{"rendered":"Antisemitismus und Verschw\u00f6rungsmythen im Rahmen der \u201eQuerdenken\u201c-Bewegung"},"content":{"rendered":"<p>Seit knapp \u00fcber einem Jahr ruft die sogenannte \u201eQuerdenken\u201c-Bewegung nun zu Demonstrationen oder Aktionen gegen die Ma\u00dfnahmen der Bundesregierung im Kampf gegen die Corona-Pandemie auf. Seit ihrem Bestehen ist die Bewegung deutlich gewachsen, so kamen zu ihren Aktionen nicht selten mehrere Tausend Teilnehmende.<\/p>\n<p>Prostest und Kritik gegen die besagten Ma\u00dfnahmen, die das gesellschaftliche Leben sowie einige Grundrechte beschr\u00e4nken, ist nicht nur erlaubt, sondern sogar w\u00fcnschenswert, da die Krise auf dem R\u00fccken der Gesellschaft ausgetragen wird. Im Rahmen der Querdenken-Demonstrationen kommt es jedoch h\u00e4ufig zu antisemitischen \u00c4u\u00dferungen und Straftaten sowie NS-Relativierungen, wenn beispielsweise Demonstrationsteilnehmende mit einer Binde am Arm mit einem Davidstern und der Aufschrift \u201egeimpft\u201c auftreten oder wenn sich Teilnehmende mit Widerstandsk\u00e4mpfer:innen wie Sophie Scholl vergleichen. Die Querdenken-Bewegung grenzt sich nach rechts nicht ab, so sind beispielsweise in Berlin Neonazis der Partei \u201eDer 3. Weg\u201c unter den Teilnehmenden gewesen, bundesweit findet man rechtsextreme Strukturen als Teil der Bewegung. Dar\u00fcber hinaus werden auf diesen Demonstrationen die abstrusesten Verschw\u00f6rungsmythen verbreitet.<\/p>\n<p>Einige Expert:innen sch\u00e4tzen die Querdenken-Bewegung als Bedrohung f\u00fcr die Demokratie ein und sogar das Bundesamt f\u00fcr Verfassungsschutz beobachtet die Bewegung seit geraumer Zeit. Aus diesem Grund haben wir Jonas Fedder von der Amadeu Antonio Stiftung (ASS) zu einem Vortrag eingeladen um mit uns dar\u00fcber zu diskutieren, wie die Querdenken-Bewegung zu bewerten ist. Die ASS engagiert sich seit ihrer Gr\u00fcndung 1998 f\u00fcr eine demokratische Zivilgesellschaft und gegen Rechtsextremismus, Rassismus und Antisemitismus.<\/p>\n<p>&nbsp;<\/p>\n<p>Link zur Veranstaltung: <span class=\"d2edcug0 hpfvmrgz qv66sw1b c1et5uql lr9zc1uh a8c37x1j keod5gw0 nxhoafnm aigsh9s9 d3f4x2em fe6kdd0r mau55g9w c8b282yb iv3no6db jq4qci2q a3bd9o3v knj5qynh oo9gr5id hzawbc8m\" dir=\"auto\"><a class=\"oajrlxb2 g5ia77u1 qu0x051f esr5mh6w e9989ue4 r7d6kgcz rq0escxv nhd2j8a9 nc684nl6 p7hjln8o kvgmc6g5 cxmmr5t8 oygrvhab hcukyx3x jb3vyjys rz4wbd8a qt6c0cv9 a8nywdso i1ao9s8h esuyzwwr f1sip0of lzcic4wl py34i1dx gpro0wi8\" tabindex=\"0\" role=\"link\" href=\"https:\/\/uni-giessen.webex.com\/uni-giessen\/j.php?MTID=m67cc873f2c85a26f7f030b6acc118e99&amp;fbclid=IwAR0qDwH3bfSD9fvlMLttsmUBcRoVcBPVcIOkzAUhYfvAD6C6nJUHHorps7Y\" target=\"_blank\" rel=\"nofollow noopener\"><span class=\"d2edcug0 hpfvmrgz qv66sw1b c1et5uql lr9zc1uh jq4qci2q a3bd9o3v lrazzd5p oo9gr5id\">uni-giessen.webex.com<\/span><\/a><\/span><\/p>\n<div class=\"o9v6fnle cxmmr5t8 oygrvhab hcukyx3x c1et5uql\">Meeting-Kennnummer: 121 064 5711<br \/>\nPasswort: Antifa<\/div>\n<div class=\"o9v6fnle cxmmr5t8 oygrvhab hcukyx3x c1et5uql\">\u00dcber Videosystem beitreten<br \/>\nW\u00e4hlen Sie 1210645711@uni-giessen.webex.com<br \/>\nSie k\u00f6nnen auch 62.109.219.4 w\u00e4hlen und Ihre Meeting-Nummer eingeben.<\/div>\n<div class=\"o9v6fnle cxmmr5t8 oygrvhab hcukyx3x c1et5uql\">\u00dcber Telefon beitreten<br \/>\n+49-619-6781-9736 Germany Toll<br \/>\n+49-89-95467578 Germany Toll 2<br \/>\nZugriffscode: 121 064 5711<\/div>\n","protected":false},"excerpt":{"rendered":"<p>Seit knapp \u00fcber einem Jahr ruft die sogenannte \u201eQuerdenken\u201c-Bewegung nun zu Demonstrationen oder Aktionen gegen die Ma\u00dfnahmen der Bundesregierung im Kampf gegen die Corona-Pandemie auf. &hellip; <\/p>\n","protected":false},"author":34,"featured_media":5881,"comment_status":"closed","ping_status":"closed","sticky":false,"template":"","format":"standard","meta":{"footnotes":""},"categories":[1],"tags":[],"class_list":["post-5882","post","type-post","status-publish","format-standard","has-post-thumbnail","hentry","category-allgemein","latest_post"],"translation":{"provider":"WPGlobus","version":"3.0.2","language":"en","enabled_languages":["de","en"],"languages":{"de":{"title":true,"content":true,"excerpt":false},"en":{"title":false,"content":false,"excerpt":false}}},"_links":{"self":[{"href":"https:\/\/www.asta-giessen.de\/en\/wp-json\/wp\/v2\/posts\/5882","targetHints":{"allow":["GET"]}}],"collection":[{"href":"https:\/\/www.asta-giessen.de\/en\/wp-json\/wp\/v2\/posts"}],"about":[{"href":"https:\/\/www.asta-giessen.de\/en\/wp-json\/wp\/v2\/types\/post"}],"author":[{"embeddable":true,"href":"https:\/\/www.asta-giessen.de\/en\/wp-json\/wp\/v2\/users\/34"}],"replies":[{"embeddable":true,"href":"https:\/\/www.asta-giessen.de\/en\/wp-json\/wp\/v2\/comments?post=5882"}],"version-history":[{"count":0,"href":"https:\/\/www.asta-giessen.de\/en\/wp-json\/wp\/v2\/posts\/5882\/revisions"}],"wp:featuredmedia":[{"embeddable":true,"href":"https:\/\/www.asta-giessen.de\/en\/wp-json\/wp\/v2\/media\/5881"}],"wp:attachment":[{"href":"https:\/\/www.asta-giessen.de\/en\/wp-json\/wp\/v2\/media?parent=5882"}],"wp:term":[{"taxonomy":"category","embeddable":true,"href":"https:\/\/www.asta-giessen.de\/en\/wp-json\/wp\/v2\/categories?post=5882"},{"taxonomy":"post_tag","embeddable":true,"href":"https:\/\/www.asta-giessen.de\/en\/wp-json\/wp\/v2\/tags?post=5882"}],"curies":[{"name":"wp","href":"https:\/\/api.w.org\/{rel}","templated":true}]}}