{"id":6275,"date":"2021-08-31T08:42:49","date_gmt":"2021-08-31T06:42:49","guid":{"rendered":"https:\/\/www.asta-giessen.de\/?p=6275"},"modified":"2021-08-31T08:42:49","modified_gmt":"2021-08-31T06:42:49","slug":"aufruf-zur-kundgebung","status":"publish","type":"post","link":"https:\/\/www.asta-giessen.de\/en\/aufruf-zur-kundgebung\/","title":{"rendered":"Aufruf zur Kundgebung"},"content":{"rendered":"<p>Liebe Studi\u2019s,<\/p>\n<p>das Wintersemester n\u00e4hert sich und die Sorgen der Studi\u2019s sind diesmal nicht die Seminare, die Pr\u00fcfungen oder die Anzahl der Fachbelegungen, sondern die Finanzierung des Studiums. Viele haben ihren Job verloren. Oder die Eltern k\u00f6nnen sie nicht mehr unterst\u00fctzen. Dazu kommt noch, dass unverst\u00e4ndlicherweise die Mieten erh\u00f6ht werden. Das f\u00fchrt dazu, dass die Studi\u2019s zu gro\u00dfen Schwierigkeiten kommen und ihre Blicke auf die Politik werfen. Die \u00dcberbr\u00fcckungshilfe f\u00fcr Studierende steht bald nicht mehr zur Verf\u00fcgung. Ab September kann man diese Unterst\u00fctzung nicht mehr in Anspruch nehmen. Viele fragen sich jetzt schon, wie sie ihr Studium erfolgreich beenden sollen, wenn die finanzielle Mittel fehlen und dazu die Mieten erh\u00f6ht werden. Nimmt zahlreich an der Demo in Frankfurt\/Hauptwache teil und erhebt eure Stimme!<\/p>\n<p>Wir treffen uns am Gie\u00dfener Bahnhof und starten gemeinsam.<\/p>\n<p>Der fzs hat eine Demonstration in den St\u00e4dten Frankfurt, K\u00f6ln, G\u00f6ttingen, Leipzig, Oldenburg und L\u00fcneburg geplant. Die Demonstrationen werden jeweils am 04.09.21 von 14:00 Uhr bis 17:00 Uhr stattfinden.<\/p>\n<p>Treffpunkt: 12:30 Uhr &#8211; Bahnhof Gie\u00dfen am Gleis 4 (Der Zug startet um 12:54 Uhr).<\/p>\n","protected":false},"excerpt":{"rendered":"<p>Liebe Studi\u2019s, das Wintersemester n\u00e4hert sich und die Sorgen der Studi\u2019s sind diesmal nicht die Seminare, die Pr\u00fcfungen oder die Anzahl der Fachbelegungen, sondern die &hellip; <\/p>\n","protected":false},"author":34,"featured_media":6276,"comment_status":"closed","ping_status":"closed","sticky":false,"template":"","format":"standard","meta":{"footnotes":""},"categories":[512],"tags":[],"class_list":["post-6275","post","type-post","status-publish","format-standard","has-post-thumbnail","hentry","category-bafoeg","latest_post"],"translation":{"provider":"WPGlobus","version":"3.0.2","language":"en","enabled_languages":["de","en"],"languages":{"de":{"title":true,"content":true,"excerpt":false},"en":{"title":false,"content":false,"excerpt":false}}},"_links":{"self":[{"href":"https:\/\/www.asta-giessen.de\/en\/wp-json\/wp\/v2\/posts\/6275","targetHints":{"allow":["GET"]}}],"collection":[{"href":"https:\/\/www.asta-giessen.de\/en\/wp-json\/wp\/v2\/posts"}],"about":[{"href":"https:\/\/www.asta-giessen.de\/en\/wp-json\/wp\/v2\/types\/post"}],"author":[{"embeddable":true,"href":"https:\/\/www.asta-giessen.de\/en\/wp-json\/wp\/v2\/users\/34"}],"replies":[{"embeddable":true,"href":"https:\/\/www.asta-giessen.de\/en\/wp-json\/wp\/v2\/comments?post=6275"}],"version-history":[{"count":0,"href":"https:\/\/www.asta-giessen.de\/en\/wp-json\/wp\/v2\/posts\/6275\/revisions"}],"wp:featuredmedia":[{"embeddable":true,"href":"https:\/\/www.asta-giessen.de\/en\/wp-json\/wp\/v2\/media\/6276"}],"wp:attachment":[{"href":"https:\/\/www.asta-giessen.de\/en\/wp-json\/wp\/v2\/media?parent=6275"}],"wp:term":[{"taxonomy":"category","embeddable":true,"href":"https:\/\/www.asta-giessen.de\/en\/wp-json\/wp\/v2\/categories?post=6275"},{"taxonomy":"post_tag","embeddable":true,"href":"https:\/\/www.asta-giessen.de\/en\/wp-json\/wp\/v2\/tags?post=6275"}],"curies":[{"name":"wp","href":"https:\/\/api.w.org\/{rel}","templated":true}]}}