{"id":6323,"date":"2021-09-14T12:51:12","date_gmt":"2021-09-14T10:51:12","guid":{"rendered":"https:\/\/www.asta-giessen.de\/?p=6323"},"modified":"2021-09-14T12:51:55","modified_gmt":"2021-09-14T10:51:55","slug":"vortragsreihe-zur-aktualitaet-des-antisemitismus","status":"publish","type":"post","link":"https:\/\/www.asta-giessen.de\/en\/vortragsreihe-zur-aktualitaet-des-antisemitismus\/","title":{"rendered":"Vortragsreihe: Zur Aktualit\u00e4t des Antisemitismus"},"content":{"rendered":"<div class=\"kvgmc6g5 cxmmr5t8 oygrvhab hcukyx3x c1et5uql ii04i59q\">\n<div dir=\"auto\">Nehmt zahlreich an der vom Referat f\u00fcr politische Bildung organisierten Veranstaltungsreihe &#8220;Zur Aktualit\u00e4t des Antisemitismus&#8221; teil!<\/div>\n<div dir=\"auto\"><\/div>\n<\/div>\n<div class=\"o9v6fnle cxmmr5t8 oygrvhab hcukyx3x c1et5uql ii04i59q\">\n<div dir=\"auto\">Zu den Veranstaltungen:<\/div>\n<div dir=\"auto\"><\/div>\n<\/div>\n<div class=\"o9v6fnle cxmmr5t8 oygrvhab hcukyx3x c1et5uql ii04i59q\">\n<div dir=\"auto\"><a href=\"https:\/\/www.asta-giessen.de\/Veranstaltung\/buchvorstellung-konformistische-rebellen-zur-aktualitaet-des-autoritaeren-charakters\/?instance_id=50\">Konformistische Rebellen. Zur Aktualit\u00e4t des autorit\u00e4ren Charakters<\/a><\/div>\n<div dir=\"auto\"><\/div>\n<\/div>\n<div class=\"o9v6fnle cxmmr5t8 oygrvhab hcukyx3x c1et5uql ii04i59q\">\n<div dir=\"auto\"><a href=\"https:\/\/www.asta-giessen.de\/Veranstaltung\/der-antisemitismus-und-das-verhaeltnis-der-afd-zum-juedischen-staat\/?instance_id=51\">Antisemitismus und das Verh\u00e4ltnis der AfD zum j\u00fcdischen Staat<\/a><\/div>\n<div dir=\"auto\"><\/div>\n<\/div>\n<div class=\"o9v6fnle cxmmr5t8 oygrvhab hcukyx3x c1et5uql ii04i59q\">\n<div dir=\"auto\"><a href=\"https:\/\/www.asta-giessen.de\/Veranstaltung\/formen-des-judenhasses-von-der-antike-bis-zur-gegenwart\/?instance_id=52\">Formen des Judenhasses von der Antike bis zur Gegenwart<\/a><\/div>\n<div dir=\"auto\"><\/div>\n<\/div>\n","protected":false},"excerpt":{"rendered":"<p>Nehmt zahlreich an der vom Referat f\u00fcr politische Bildung organisierten Veranstaltungsreihe &#8220;Zur Aktualit\u00e4t des Antisemitismus&#8221; teil! Zu den Veranstaltungen: Konformistische Rebellen. Zur Aktualit\u00e4t des autorit\u00e4ren &hellip; <\/p>\n","protected":false},"author":34,"featured_media":6324,"comment_status":"closed","ping_status":"closed","sticky":false,"template":"","format":"standard","meta":{"footnotes":""},"categories":[397],"tags":[],"class_list":["post-6323","post","type-post","status-publish","format-standard","has-post-thumbnail","hentry","category-politische-bildung","latest_post"],"translation":{"provider":"WPGlobus","version":"3.0.2","language":"en","enabled_languages":["de","en"],"languages":{"de":{"title":true,"content":true,"excerpt":false},"en":{"title":false,"content":false,"excerpt":false}}},"_links":{"self":[{"href":"https:\/\/www.asta-giessen.de\/en\/wp-json\/wp\/v2\/posts\/6323","targetHints":{"allow":["GET"]}}],"collection":[{"href":"https:\/\/www.asta-giessen.de\/en\/wp-json\/wp\/v2\/posts"}],"about":[{"href":"https:\/\/www.asta-giessen.de\/en\/wp-json\/wp\/v2\/types\/post"}],"author":[{"embeddable":true,"href":"https:\/\/www.asta-giessen.de\/en\/wp-json\/wp\/v2\/users\/34"}],"replies":[{"embeddable":true,"href":"https:\/\/www.asta-giessen.de\/en\/wp-json\/wp\/v2\/comments?post=6323"}],"version-history":[{"count":0,"href":"https:\/\/www.asta-giessen.de\/en\/wp-json\/wp\/v2\/posts\/6323\/revisions"}],"wp:featuredmedia":[{"embeddable":true,"href":"https:\/\/www.asta-giessen.de\/en\/wp-json\/wp\/v2\/media\/6324"}],"wp:attachment":[{"href":"https:\/\/www.asta-giessen.de\/en\/wp-json\/wp\/v2\/media?parent=6323"}],"wp:term":[{"taxonomy":"category","embeddable":true,"href":"https:\/\/www.asta-giessen.de\/en\/wp-json\/wp\/v2\/categories?post=6323"},{"taxonomy":"post_tag","embeddable":true,"href":"https:\/\/www.asta-giessen.de\/en\/wp-json\/wp\/v2\/tags?post=6323"}],"curies":[{"name":"wp","href":"https:\/\/api.w.org\/{rel}","templated":true}]}}