{"id":6466,"date":"2021-10-08T11:31:27","date_gmt":"2021-10-08T09:31:27","guid":{"rendered":"https:\/\/www.asta-giessen.de\/?p=6466"},"modified":"2021-10-08T11:31:27","modified_gmt":"2021-10-08T09:31:27","slug":"stellungnahme-zum-verstoss-gegen-das-neutralitaetsgebot-vom-08-08-2021","status":"publish","type":"post","link":"https:\/\/www.asta-giessen.de\/en\/stellungnahme-zum-verstoss-gegen-das-neutralitaetsgebot-vom-08-08-2021\/","title":{"rendered":"Stellungnahme zum Versto\u00df gegen das Neutralit\u00e4tsgebot vom 08.08.2021"},"content":{"rendered":"<p>Liebe Studierende, <\/p>\n<p>wie ihr es eventuell \u00fcber eine Stellungnahme der Jungen Union Gie\u00dfen oder die Berichterstattung in den Gie\u00dfener Lokalzeitungen mitbekommen habt, hat es im AStA k\u00fcrzlich einen Versto\u00df gegen das Neutralit\u00e4tsgebot gegeben. Eine einzelne AStA-Referentin hat den Webex-Account des Allgemeinen Studierendenausschuss, der diesem von der JLU zur Verf\u00fcgung gestellt wird, am 08.08.2021 f\u00fcr eine Veranstaltung der Gr\u00fcnen Jugend Gie\u00dfen zweckentfremdet und den gesamten AStA nicht \u00fcber diesen Vorgang in Kenntnis gesetzt.<br \/>\nAls Allgemeiner Studierendenausschuss distanzieren wir uns ausdr\u00fccklich von diesem Verhalten sowie von Veranstaltungen oder Ausrichtungen bundespolitischer Parteien.<br \/>\nUm solche Vorkommnisse in Zukunft noch st\u00e4rker zu verhindern, haben wir alle Referent*innen erneut \u00fcber ihre Rechten und Pflichten insbesondere im Rahmen des hochschulpolitischen Mandats und des Neutralit\u00e4tsgebots unterrichtet. Hinweise zu diesen Rahmenvorgaben werden wir zuk\u00fcnftig in allen AStA-Sitzungen wiederholt auff\u00fchren. Weiterhin werden wir in Zukunft verst\u00e4rkt die ordnungsgem\u00e4\u00dfe und unseren internen Verfahrensweisen entsprechende Nutzung AStA-eigener Ressourcen \u00fcberpr\u00fcfen.<br \/>\nWir sind uns sicher, dass diese Ma\u00dfnahmen dazu beitragen werden, dass ein solcher Vorfall nicht noch einmal geschieht und entschuldigen uns hiermit noch einmal, dass es zu diesem Vorfall kam.<\/p>\n","protected":false},"excerpt":{"rendered":"<p>Liebe Studierende, wie ihr es eventuell \u00fcber eine Stellungnahme der Jungen Union Gie\u00dfen oder die Berichterstattung in den Gie\u00dfener Lokalzeitungen mitbekommen habt, hat es im &hellip; <\/p>\n","protected":false},"author":34,"featured_media":0,"comment_status":"closed","ping_status":"closed","sticky":false,"template":"","format":"standard","meta":{"footnotes":""},"categories":[1],"tags":[],"class_list":["post-6466","post","type-post","status-publish","format-standard","hentry","category-allgemein","latest_post"],"translation":{"provider":"WPGlobus","version":"3.0.2","language":"en","enabled_languages":["de","en"],"languages":{"de":{"title":true,"content":true,"excerpt":false},"en":{"title":false,"content":false,"excerpt":false}}},"_links":{"self":[{"href":"https:\/\/www.asta-giessen.de\/en\/wp-json\/wp\/v2\/posts\/6466","targetHints":{"allow":["GET"]}}],"collection":[{"href":"https:\/\/www.asta-giessen.de\/en\/wp-json\/wp\/v2\/posts"}],"about":[{"href":"https:\/\/www.asta-giessen.de\/en\/wp-json\/wp\/v2\/types\/post"}],"author":[{"embeddable":true,"href":"https:\/\/www.asta-giessen.de\/en\/wp-json\/wp\/v2\/users\/34"}],"replies":[{"embeddable":true,"href":"https:\/\/www.asta-giessen.de\/en\/wp-json\/wp\/v2\/comments?post=6466"}],"version-history":[{"count":0,"href":"https:\/\/www.asta-giessen.de\/en\/wp-json\/wp\/v2\/posts\/6466\/revisions"}],"wp:attachment":[{"href":"https:\/\/www.asta-giessen.de\/en\/wp-json\/wp\/v2\/media?parent=6466"}],"wp:term":[{"taxonomy":"category","embeddable":true,"href":"https:\/\/www.asta-giessen.de\/en\/wp-json\/wp\/v2\/categories?post=6466"},{"taxonomy":"post_tag","embeddable":true,"href":"https:\/\/www.asta-giessen.de\/en\/wp-json\/wp\/v2\/tags?post=6466"}],"curies":[{"name":"wp","href":"https:\/\/api.w.org\/{rel}","templated":true}]}}