{"id":6714,"date":"2021-11-03T15:06:24","date_gmt":"2021-11-03T14:06:24","guid":{"rendered":"https:\/\/www.asta-giessen.de\/?p=6714"},"modified":"2021-11-03T15:06:24","modified_gmt":"2021-11-03T14:06:24","slug":"gruendungsvollversammlung-autonomes-referat-fuer-sozial-finanziell-kulturell-benachteiligte-studierende","status":"publish","type":"post","link":"https:\/\/www.asta-giessen.de\/en\/gruendungsvollversammlung-autonomes-referat-fuer-sozial-finanziell-kulturell-benachteiligte-studierende\/","title":{"rendered":"Gr\u00fcndungsvollversammlung: Autonomes Referat f\u00fcr sozial, finanziell &#038; kulturell benachteiligte Studierende"},"content":{"rendered":"<p>Bildungsungleichheit und Diskriminierung aufgrund sozialer Ungleichheit machen vor den Toren der Uni nicht halt. Bist Du die einzige Person im famili\u00e4ren Umkreis die studiert? F\u00fchlst Du dich im Uni-Alltag unsicher oder fehl am Platz? Musst Du neben dem Studium jobben, um dich \u00fcber Wasser zu halten? Plagst Du dich jedes Semester mit dem BAf\u00f6G-Antrag rum? Fehlt Dir das Know-how und die Unterst\u00fctzung durch die Familie? Oder hast du Schwierigkeiten mit der \u201euniversit\u00e4ren Sprache\u201c?<br \/>\nWenn Du aus nichtakademischen oder finanziell benachteiligten Verh\u00e4ltnissen kommst, dann besuche die erste Vollversammlung von sozial, finanziell oder kulturell benachteiligten Studierenden<br \/>\nam 9.11.2021<br \/>\num 18 Uhr<br \/>\nentweder in Pr\u00e4senz im H\u00f6rsaal A1 in Geb\u00e4ude A am Philosophikum 1 (Otto-Behagel-Stra\u00dfe 31)<br \/>\noder digital per Webex unter: https:\/\/uni-giessen.webex.com\/uni-giessen\/j.php?MTID=mbcb83442dae4bf012d2aeb906f1ba0f4 <\/p>\n<p>Das Autonome Referat soll als Anlaufstelle, politischer Akteur und vor allem als Sprachrohr aller dienen, die ihrer sozialen Herkunft wegen in ihrem Bildungsweg oder ihrer Pers\u00f6nlichkeitsentfaltung benachteiligt werden. Solltest Du Interesse haben, dich als Referent:in in diesem Referat zu engagieren, w\u00fcrden wir uns sehr \u00fcber deine Kandidatur freuen.<\/p>\n<p>Tagesordnung:<br \/>\n1.         Begr\u00fc\u00dfung<br \/>\n2.         Austausch<br \/>\n3.         Kurze Vorstellung des AStA der JLU<br \/>\n4.         Vorstellung eines Autonomen Antiklassistischen Referats<br \/>\n5.         Wahlen<br \/>\n6.         Abschluss<\/p>\n","protected":false},"excerpt":{"rendered":"<p>Bildungsungleichheit und Diskriminierung aufgrund sozialer Ungleichheit machen vor den Toren der Uni nicht halt. Bist Du die einzige Person im famili\u00e4ren Umkreis die studiert? F\u00fchlst &hellip; <\/p>\n","protected":false},"author":34,"featured_media":6715,"comment_status":"closed","ping_status":"closed","sticky":false,"template":"","format":"standard","meta":{"footnotes":""},"categories":[1],"tags":[],"class_list":["post-6714","post","type-post","status-publish","format-standard","has-post-thumbnail","hentry","category-allgemein","latest_post"],"translation":{"provider":"WPGlobus","version":"3.0.2","language":"en","enabled_languages":["de","en"],"languages":{"de":{"title":true,"content":true,"excerpt":false},"en":{"title":false,"content":false,"excerpt":false}}},"_links":{"self":[{"href":"https:\/\/www.asta-giessen.de\/en\/wp-json\/wp\/v2\/posts\/6714","targetHints":{"allow":["GET"]}}],"collection":[{"href":"https:\/\/www.asta-giessen.de\/en\/wp-json\/wp\/v2\/posts"}],"about":[{"href":"https:\/\/www.asta-giessen.de\/en\/wp-json\/wp\/v2\/types\/post"}],"author":[{"embeddable":true,"href":"https:\/\/www.asta-giessen.de\/en\/wp-json\/wp\/v2\/users\/34"}],"replies":[{"embeddable":true,"href":"https:\/\/www.asta-giessen.de\/en\/wp-json\/wp\/v2\/comments?post=6714"}],"version-history":[{"count":0,"href":"https:\/\/www.asta-giessen.de\/en\/wp-json\/wp\/v2\/posts\/6714\/revisions"}],"wp:featuredmedia":[{"embeddable":true,"href":"https:\/\/www.asta-giessen.de\/en\/wp-json\/wp\/v2\/media\/6715"}],"wp:attachment":[{"href":"https:\/\/www.asta-giessen.de\/en\/wp-json\/wp\/v2\/media?parent=6714"}],"wp:term":[{"taxonomy":"category","embeddable":true,"href":"https:\/\/www.asta-giessen.de\/en\/wp-json\/wp\/v2\/categories?post=6714"},{"taxonomy":"post_tag","embeddable":true,"href":"https:\/\/www.asta-giessen.de\/en\/wp-json\/wp\/v2\/tags?post=6714"}],"curies":[{"name":"wp","href":"https:\/\/api.w.org\/{rel}","templated":true}]}}