{"id":6749,"date":"2021-11-18T12:26:49","date_gmt":"2021-11-18T11:26:49","guid":{"rendered":"https:\/\/www.asta-giessen.de\/?p=6749"},"modified":"2021-11-18T12:32:00","modified_gmt":"2021-11-18T11:32:00","slug":"unser-taeglich-fleisch-gib-uns-heute-wie-viel-tier-braucht-die-menschheit-fuer-die-zukunft","status":"publish","type":"post","link":"https:\/\/www.asta-giessen.de\/en\/unser-taeglich-fleisch-gib-uns-heute-wie-viel-tier-braucht-die-menschheit-fuer-die-zukunft\/","title":{"rendered":"UNSER T\u00c4GLICH FLEISCH GIB UNS HEUTE. Wie viel Tier braucht die Menschheit f\u00fcr die Zukunft?"},"content":{"rendered":"<p>Fleischkonsum, vegetarisch, vegan? Die Diskussion \u00fcber die richtige Ern\u00e4hrungsform f\u00fcr die Gesellschaft, die Umwelt, die Gesundheit und die Wirtschaft wird zumeist sehr kontrovers und dogmatisch gef\u00fchrt. Wir wollen Klarheit schaffen und verschiedene Perspektiven zu Wort kommen lassen.<br \/>\nDie Rufe nach einer Reduktion des Konsums von tierischen Produkten werden immer lauter. In Deutschland essen jedoch weiterhin 25% der Bev\u00f6lkerung t\u00e4glich Fleisch und 82% mehrmals in der Woche K\u00e4se. Tierische Produkte sind also zentraler Bestandteil unserer Ern\u00e4hrung.<br \/>\nIst das angesichts der Klima- und Biodiversit\u00e4tskrise angemessen oder gar aus gesundheitlicher Perspektive empfehlenswert? Brauchen wir tierischen Dung um unsere Felder zu bewirtschaften?<br \/>\nDie Frage, ob wir uns Fleisch bzw. Tierprodukte in der Zukunft erlauben k\u00f6nnen und ob das notwendig ist, m\u00f6chten wir aus verschiedenen Gesichtspunkten betrachten und diskutieren. Ob als Debattier*in oder Zuh\u00f6rer*in seid ihr herzlich eingeladen an unserer Podiumsdiskussion am Mittwoch, den 8.12.2021 um 19:30h online teilzunehmen.<br \/>\nFachlichen Input erhalten wir an diesem Abend von Prof. Matin Qaim, Agrar\u00f6konom der Uni Bonn, welcher uns in die Rolle von Fleisch f\u00fcr die Weltern\u00e4hrung und f\u00fcr die Weltwirtschaft einf\u00fchren wird. Edith G\u00e4tjen, \u00d6kotrophologin vom Veganen Stammtisch Gie\u00dfen, die sich mit der rein veganen Ern\u00e4hrung aus ern\u00e4hrungsphysiologischer Sicht besch\u00e4ftigt. Dabei geht sie auf die viel diskutierte Frage des m\u00f6glicherweise bestehenden N\u00e4hrstoffmangels ein. Dr. Felix Prinz zu L\u00f6wenstein, Agrarwissenschaftler, Bio-Landwirt und Vorsitzender des Bundes \u00f6kologische Lebensmittelwirtschaft, rundet die Vortragsreihe ab mit der Frage, ob und inwiefern eine Landwirtschaft ohne Tiere hinsichtlich landwirtschaftlicher Kreisl\u00e4ufe funktionieren kann.<\/p>\n<p>Alle Interessierten sind sehr herzlich eingeladen sich zuzuschalten und mitzudiskutieren. Wir freuen uns auf eine spannende Veranstaltung!<\/p>\n","protected":false},"excerpt":{"rendered":"<p>Fleischkonsum, vegetarisch, vegan? Die Diskussion \u00fcber die richtige Ern\u00e4hrungsform f\u00fcr die Gesellschaft, die Umwelt, die Gesundheit und die Wirtschaft wird zumeist sehr kontrovers und dogmatisch &hellip; <\/p>\n","protected":false},"author":34,"featured_media":6751,"comment_status":"closed","ping_status":"closed","sticky":false,"template":"","format":"standard","meta":{"footnotes":""},"categories":[1],"tags":[],"class_list":["post-6749","post","type-post","status-publish","format-standard","has-post-thumbnail","hentry","category-allgemein","latest_post"],"translation":{"provider":"WPGlobus","version":"3.0.2","language":"en","enabled_languages":["de","en"],"languages":{"de":{"title":true,"content":true,"excerpt":false},"en":{"title":false,"content":false,"excerpt":false}}},"_links":{"self":[{"href":"https:\/\/www.asta-giessen.de\/en\/wp-json\/wp\/v2\/posts\/6749","targetHints":{"allow":["GET"]}}],"collection":[{"href":"https:\/\/www.asta-giessen.de\/en\/wp-json\/wp\/v2\/posts"}],"about":[{"href":"https:\/\/www.asta-giessen.de\/en\/wp-json\/wp\/v2\/types\/post"}],"author":[{"embeddable":true,"href":"https:\/\/www.asta-giessen.de\/en\/wp-json\/wp\/v2\/users\/34"}],"replies":[{"embeddable":true,"href":"https:\/\/www.asta-giessen.de\/en\/wp-json\/wp\/v2\/comments?post=6749"}],"version-history":[{"count":0,"href":"https:\/\/www.asta-giessen.de\/en\/wp-json\/wp\/v2\/posts\/6749\/revisions"}],"wp:featuredmedia":[{"embeddable":true,"href":"https:\/\/www.asta-giessen.de\/en\/wp-json\/wp\/v2\/media\/6751"}],"wp:attachment":[{"href":"https:\/\/www.asta-giessen.de\/en\/wp-json\/wp\/v2\/media?parent=6749"}],"wp:term":[{"taxonomy":"category","embeddable":true,"href":"https:\/\/www.asta-giessen.de\/en\/wp-json\/wp\/v2\/categories?post=6749"},{"taxonomy":"post_tag","embeddable":true,"href":"https:\/\/www.asta-giessen.de\/en\/wp-json\/wp\/v2\/tags?post=6749"}],"curies":[{"name":"wp","href":"https:\/\/api.w.org\/{rel}","templated":true}]}}