{"id":7029,"date":"2022-01-12T13:25:51","date_gmt":"2022-01-12T12:25:51","guid":{"rendered":"https:\/\/www.asta-giessen.de\/?p=7029"},"modified":"2022-01-12T13:26:08","modified_gmt":"2022-01-12T12:26:08","slug":"call-for-podcast-3-0","status":"publish","type":"post","link":"https:\/\/www.asta-giessen.de\/en\/call-for-podcast-3-0\/","title":{"rendered":"Call for Podcast 3.0"},"content":{"rendered":"<p>Das Referat f\u00fcr Politische Bildung sucht wieder einmal eure spannenden Ideen, Beitr\u00e4ge oder Initiativen f\u00fcr die kommenden Folgen des \u201eStud* et al.\u201c-Podcast!<\/p>\n<p>Was ist Stud* et al.?<\/p>\n<p>Mit Stud* et al. m\u00f6chte der AStA dir, deiner Arbeitsgruppe oder sonstigen Interessierten eine Plattform bieten, auf der verschiedene Texte, Haus- und Abschlussarbeiten oder sonstige Beitr\u00e4ge vorgestellt und diskutiert werden k\u00f6nnen.<\/p>\n<p>Der Podcast ist als lockere Diskussions- bzw. Austauschrunde gedacht. Es k\u00f6nnen vorab mit uns Fragen zusammengetragen werden die sp\u00e4ter diskutiert werden sollen, oder aber ihr stellt euer Thema mit etwas Moderation durch uns vor. Dabei unterliegt der Podcast keinen strengen Vorgaben. Er ist variabel und richtet sich vor allem nach euch!<\/p>\n<p>Die Folgen sollen Grundlagen erkl\u00e4ren und f\u00fcr Studierende und Menschen, die sich bisher noch nicht oder nur sehr wenig mit den jeweiligen Themen befasst haben, einen Einstieg in das Thema bieten. Dabei muss die Folge nicht unbedingt l\u00e4nger als 20-30 Minuten werden, bietet aber auch Platz f\u00fcr l\u00e4ngere Diskussionen. Angesichts der nach wie vor kritischen Pandemielage w\u00fcrde die Aufnahme digital erfolgen, d.h. wir w\u00fcrden uns in einem Videocall treffen, das Gespr\u00e4ch aufzeichnen und sp\u00e4ter ggf. Schneiden.<\/p>\n<p>Interesse oder Fragen?<\/p>\n<p>Dann schreib uns an <a href=\"mailto:pol.bil@asta-giessen.de\">pol.bil@asta-giessen.de<\/a>!<br \/>\nGemeinsam erarbeiten wir dann einen Zeitplan sowie den genauen Ablauf.<\/p>\n<p>Erstmal reinh\u00f6ren?<\/p>\n<p>Die bisherigen Folgen findet Ihr auf allen einschl\u00e4gigen Plattformen!<\/p>\n<p>Anchor: <a href=\"https:\/\/anchor.fm\/asta-der-jlu-gieen\">https:\/\/anchor.fm\/asta-der-jlu-gieen<\/a><\/p>\n<p>Breaker: <a href=\"https:\/\/www.breaker.audio\/stud-star-et-al\">https:\/\/www.breaker.audio\/stud-star-et-al<\/a><\/p>\n<p>Google Podcasts:<br \/>\n<a href=\"https:\/\/podcasts.google.com\/feed\/\">https:\/\/podcasts.google.com\/feed\/<\/a> aHR0cHM6Ly9hbmNob3IuZm0vcy81NDc0MDY5MC9wb2RjYXN0L3Jzcw==? fbclid=IwAR0QlinO8fuRCR-ba51t51Pj58K1vNo7irL3qaDbhrAbUjvjxcJqVp7B8dM<\/p>\n<p>Spotify: <a href=\"https:\/\/open.spotify.com\/show\/59gRma4LSJyrxV8Qf5S5yL?si=xOtA9328TdaNUzhB3k-\">https:\/\/open.spotify.com\/show\/59gRma4LSJyrxV8Qf5S5yL?si=xOtA9328TdaNUzhB3k-<\/a> veg<\/p>\n<p>Soundcloud: <a href=\"https:\/\/soundcloud.com\/user-694361227\">https:\/\/soundcloud.com\/user-694361227<\/a><\/p>\n","protected":false},"excerpt":{"rendered":"<p>Das Referat f\u00fcr Politische Bildung sucht wieder einmal eure spannenden Ideen, Beitr\u00e4ge oder Initiativen f\u00fcr die kommenden Folgen des \u201eStud* et al.\u201c-Podcast! Was ist Stud* &hellip; <\/p>\n","protected":false},"author":34,"featured_media":7030,"comment_status":"closed","ping_status":"closed","sticky":false,"template":"","format":"standard","meta":{"footnotes":""},"categories":[397],"tags":[],"class_list":["post-7029","post","type-post","status-publish","format-standard","has-post-thumbnail","hentry","category-politische-bildung","latest_post"],"translation":{"provider":"WPGlobus","version":"3.0.2","language":"en","enabled_languages":["de","en"],"languages":{"de":{"title":true,"content":true,"excerpt":false},"en":{"title":false,"content":false,"excerpt":false}}},"_links":{"self":[{"href":"https:\/\/www.asta-giessen.de\/en\/wp-json\/wp\/v2\/posts\/7029","targetHints":{"allow":["GET"]}}],"collection":[{"href":"https:\/\/www.asta-giessen.de\/en\/wp-json\/wp\/v2\/posts"}],"about":[{"href":"https:\/\/www.asta-giessen.de\/en\/wp-json\/wp\/v2\/types\/post"}],"author":[{"embeddable":true,"href":"https:\/\/www.asta-giessen.de\/en\/wp-json\/wp\/v2\/users\/34"}],"replies":[{"embeddable":true,"href":"https:\/\/www.asta-giessen.de\/en\/wp-json\/wp\/v2\/comments?post=7029"}],"version-history":[{"count":0,"href":"https:\/\/www.asta-giessen.de\/en\/wp-json\/wp\/v2\/posts\/7029\/revisions"}],"wp:featuredmedia":[{"embeddable":true,"href":"https:\/\/www.asta-giessen.de\/en\/wp-json\/wp\/v2\/media\/7030"}],"wp:attachment":[{"href":"https:\/\/www.asta-giessen.de\/en\/wp-json\/wp\/v2\/media?parent=7029"}],"wp:term":[{"taxonomy":"category","embeddable":true,"href":"https:\/\/www.asta-giessen.de\/en\/wp-json\/wp\/v2\/categories?post=7029"},{"taxonomy":"post_tag","embeddable":true,"href":"https:\/\/www.asta-giessen.de\/en\/wp-json\/wp\/v2\/tags?post=7029"}],"curies":[{"name":"wp","href":"https:\/\/api.w.org\/{rel}","templated":true}]}}