{"id":7103,"date":"2022-02-03T15:43:24","date_gmt":"2022-02-03T14:43:24","guid":{"rendered":"https:\/\/www.asta-giessen.de\/?p=7103"},"modified":"2022-02-03T15:43:24","modified_gmt":"2022-02-03T14:43:24","slug":"stellungnahme-zu-sogenannten-spaziergaengen-und-studenten-stehen-auf","status":"publish","type":"post","link":"https:\/\/www.asta-giessen.de\/en\/stellungnahme-zu-sogenannten-spaziergaengen-und-studenten-stehen-auf\/","title":{"rendered":"Stellungnahme zu sogenannten \u201eSpazierg\u00e4ngen\u201c und \u201eStudenten stehen auf\u201c"},"content":{"rendered":"<p>Im Rahmen der Berichterstattung \u00fcber sogenannte \u201eSpazierg\u00e4nge\u201c und vereinzelten Aktionen<br \/>\nauf dem Gel\u00e4nde der Justus-Liebig-Universit\u00e4t hat die Gie\u00dfener Ortsgruppe von \u201eStudenten<br \/>\nstehen auf\u201c Aufmerksamkeit auf sich gezogen.<\/p>\n<p>Die selbst gew\u00e4hlte Bezeichnung dieser Gruppierung erweckt den Anschein, dass ihre<br \/>\nMeinungen und ideologischen Bestrebungen die Studierendenschaft der JLU widerspiegeln.<br \/>\nAllerdings hat \u201eStudenten stehen auf\u201c weder eine Legitimation noch ein allgemeines Mandat,<br \/>\num f\u00fcr die Studierendenschaft zu sprechen oder sie gegen\u00fcber der Universit\u00e4t oder anderen<br \/>\nAkteur:innen zu vertreten. Das Studierendenparlament distanziert sich als gew\u00e4hlte<br \/>\nhochschulpolitische Interessenvertretung der Studierendenschaft in aller Deutlichkeit von<br \/>\n\u201eStudenten stehen auf\u201c und ihren jeweiligen Ortsgruppen, aus folgenden Gr\u00fcnden:<\/p>\n<p>Beispielsweise ver\u00fcbte die Gie\u00dfener Gruppierung bewusst und aktiv Geschichtsrelativierung,<br \/>\nindem sie sich in ihrem selbstreklamierten Widerstandsrecht auf die \u201eWei\u00dfe Rose\u201c um Sophie<br \/>\nund Hans Scholl bezogen. Indes wurden wei\u00dfe Rosen symbolisch vor den Gie\u00dfener Gerichten<br \/>\nabgelegt, um gegen gerichtliche Urteile, welche Coronama\u00dfnahmen best\u00e4tigten, zu<br \/>\ndemonstrieren. Mit dem Missbrauch dieser Symbolik wird das Andenken an den Widerstand<br \/>\ngegen den Nationalsozialismus angegriffen. Der Vergleich mit dem angeblichen \u201eWiderstand\u201c<br \/>\ngegen die Infektionsschutzma\u00dfnahmen verharmlost die systematische Vernichtung von \u00fcber<br \/>\nsechs Millionen J\u00fcdinnen:Juden, Rom:nja und Sinti:zze sowie von allen anderen Opfern. Dieser<br \/>\nAntisemitismus und die damit einhergehenden Verschw\u00f6rungsideologien sind mit unseren<br \/>\nGrundwerten unvereinbar.<\/p>\n<p>\u201eStudenten stehen auf\u201c zeigt sich mithin deutlich wissenschaftsfeindlich. Dies wurde in Gie\u00dfen<br \/>\nbei einer Graffitiaktion auf dem Campus der JLU deutlich. \u201eAlternative Fakten\u201c, Gef\u00fchlslagen<br \/>\nund Fake News werden in den Kreisen der Gruppierung mehr Aufmerksamkeit und Glauben<br \/>\nals wissenschaftsbasierte Erkenntnisse geschenkt. Einzelschicksale werden gezielt<br \/>\nhervorgehoben und aus dem Kontext der faktenbasierten Erkenntnislage gerissen. Das hat mit<br \/>\neiner akademischen Arbeitsweise nichts gemein und an einer Universit\u00e4t keine<br \/>\nDaseinsberechtigung.<\/p>\n<p>F\u00fcr uns ist ein Diskurs \u00fcber politische Entscheidungen elementarer Bestandteil der Demokratie.<br \/>\nDemokratischer Diskurs bedeutet auch eine klare Abgrenzung gegen\u00fcber Kollektivist:innen,<br \/>\nVerschw\u00f6rungsmythiker:innen und Extremist:innen jeglicher Coleur. Wir erkennen die<br \/>\nMeinungsfreiheit aller an, auch wenn sie unserer eigenen widerspricht. Genau deshalb laden<br \/>\nwir jede:n der \u201eStudenten stehen auf\u201c zu unserer Studierendensprechstunde ein, um einen<br \/>\ninhaltlichen Diskurs \u00fcber ihre politischen Ziele zu f\u00fchren.<\/p>\n<p>Im Gegensatz zu den beschriebenen Gruppen sollte die gesellschaftliche Aufmerksamkeit<br \/>\ndenjenigen gelten, die tagt\u00e4glich aufopferungsvolle Arbeit im Kampf gegen die Pandemie<br \/>\nleisten. Aus Solidarit\u00e4t mit diesen Menschen und zum Schutze der besonders gef\u00e4hrdeten<br \/>\nGruppen ruft das Studierendenparlament dazu auf diesen Kampf zu unterst\u00fctzen und<br \/>\nMa\u00dfnahmen zum Infektionsschutz zu ber\u00fccksichtigen sowie Impfangebote wahrzunehmen<\/p>\n","protected":false},"excerpt":{"rendered":"<p>Im Rahmen der Berichterstattung \u00fcber sogenannte \u201eSpazierg\u00e4nge\u201c und vereinzelten Aktionen auf dem Gel\u00e4nde der Justus-Liebig-Universit\u00e4t hat die Gie\u00dfener Ortsgruppe von \u201eStudenten stehen auf\u201c Aufmerksamkeit auf &hellip; <\/p>\n","protected":false},"author":34,"featured_media":0,"comment_status":"closed","ping_status":"closed","sticky":false,"template":"","format":"standard","meta":{"footnotes":""},"categories":[1],"tags":[],"class_list":["post-7103","post","type-post","status-publish","format-standard","hentry","category-allgemein","latest_post"],"translation":{"provider":"WPGlobus","version":"3.0.2","language":"en","enabled_languages":["de","en"],"languages":{"de":{"title":true,"content":true,"excerpt":false},"en":{"title":false,"content":false,"excerpt":false}}},"_links":{"self":[{"href":"https:\/\/www.asta-giessen.de\/en\/wp-json\/wp\/v2\/posts\/7103","targetHints":{"allow":["GET"]}}],"collection":[{"href":"https:\/\/www.asta-giessen.de\/en\/wp-json\/wp\/v2\/posts"}],"about":[{"href":"https:\/\/www.asta-giessen.de\/en\/wp-json\/wp\/v2\/types\/post"}],"author":[{"embeddable":true,"href":"https:\/\/www.asta-giessen.de\/en\/wp-json\/wp\/v2\/users\/34"}],"replies":[{"embeddable":true,"href":"https:\/\/www.asta-giessen.de\/en\/wp-json\/wp\/v2\/comments?post=7103"}],"version-history":[{"count":0,"href":"https:\/\/www.asta-giessen.de\/en\/wp-json\/wp\/v2\/posts\/7103\/revisions"}],"wp:attachment":[{"href":"https:\/\/www.asta-giessen.de\/en\/wp-json\/wp\/v2\/media?parent=7103"}],"wp:term":[{"taxonomy":"category","embeddable":true,"href":"https:\/\/www.asta-giessen.de\/en\/wp-json\/wp\/v2\/categories?post=7103"},{"taxonomy":"post_tag","embeddable":true,"href":"https:\/\/www.asta-giessen.de\/en\/wp-json\/wp\/v2\/tags?post=7103"}],"curies":[{"name":"wp","href":"https:\/\/api.w.org\/{rel}","templated":true}]}}