{"id":7422,"date":"2022-04-20T12:32:19","date_gmt":"2022-04-20T10:32:19","guid":{"rendered":"https:\/\/www.asta-giessen.de\/?p=7422"},"modified":"2022-04-20T12:32:42","modified_gmt":"2022-04-20T10:32:42","slug":"kriewo-vortraege","status":"publish","type":"post","link":"https:\/\/www.asta-giessen.de\/en\/kriewo-vortraege\/","title":{"rendered":""},"content":{"rendered":"<p>&nbsp;<\/p>\n<h3><strong>Diese Woche findet eine kurze Vortragsreihe des \u00d6kologiereferats zu folgenden Themen statt:<\/strong><\/h3>\n<p>Am Mittwoch wird Janna Aljets online \u00fcber Klimagerechtigkeit und Feminismus erz\u00e4hlen, die Gemeinsamkeiten dieser beiden Themen darlegen und im Anschluss an die Pr\u00e4sentation Raum f\u00fcr offene Fragen und Diskussion bieten. Bei Interesse k\u00f6nnt ihr online \u00fcber Webex an dieser Veranstaltung teilnehmen. Die Zugangsdaten auf einen Blick:<\/p>\n<p>Meeting-Link:<br \/>\n<a href=\"https:\/\/uni-giessen.webex.com\/uni-giessen\/j.php?MTID=maa91d3a15d5803419be2fd1b441db8a6\">https:\/\/uni-giessen.webex.com\/uni-giessen\/j.php?MTID=maa91d3a15d5803419be2fd1b441db8a6<\/a><\/p>\n<p>Meeting-Kennnummer:<br \/>\n2733 370 6188<\/p>\n<p>Meeting-Passwort:<br \/>\nAtpsXCmn335<\/p>\n<p>(Falls ihr per Telefon beitreten m\u00f6chtet, schreibt uns gerne hier auf Instagram oder an die E-Mail-Adresse des \u00d6kologiereferats, s. unten)<\/p>\n<p><strong>Der zweite Vortrag thematisiert den Zusammenhang ern\u00e4hrungsassoziierter Konsumkorridore und Postwachstum.<\/strong><\/p>\n<p>Letzteres versteht sich als Wachstumskritik gegen\u00fcber heutiger Produktionsweisen von Lebensmitteln, die \u00fcberwiegend von industriellen Akteur*innen mit dem Ziel auf Gewinnmaximierung, begleitet durch ein hohes Ma\u00df an Effizienz- und Produktivit\u00e4tsstreben, forciert werden. Stefan Wahlen, Professor f\u00fcr Ern\u00e4hrungssoziologie an der JLU Gie\u00dfen, m\u00f6chte damit vorhandene Defizite des Ern\u00e4hrungssystems aufzeigen und auf L\u00f6sungsans\u00e4tze f\u00fcr nachhaltigere, regenerative und alternative Gestaltungsm\u00f6glichkeiten hinweisen. Der Vortrag findet unter Einhaltung des Hygienekonzepts (dauerhaftes Tragen einer OP-Maske\/ FFP2-Maske) in der Alten Universit\u00e4tsbibliothek 1 (AUB1), Bismarckstra\u00dfe 37 statt. Eine Anmeldung daf\u00fcr ist nicht notwendig.<\/p>\n<p>Bei Fragen k\u00f6nnt ihr uns unter folgender E-Mail-Adresse erreichen: oekologie@asta-giessen.de<\/p>\n<p>Wir freuen uns auf Euer Kommen &amp; bedanken uns bereits bei den beiden Referent:innen f\u00fcr die M\u00fche in der Vorbereitung und Gestaltung der zwei Vortr\u00e4ge.<\/p>\n","protected":false},"excerpt":{"rendered":"<p>&nbsp; Diese Woche findet eine kurze Vortragsreihe des \u00d6kologiereferats zu folgenden Themen statt: Am Mittwoch wird Janna Aljets online \u00fcber Klimagerechtigkeit und Feminismus erz\u00e4hlen, die &hellip; <\/p>\n","protected":false},"author":34,"featured_media":7421,"comment_status":"closed","ping_status":"closed","sticky":false,"template":"","format":"standard","meta":{"footnotes":""},"categories":[1],"tags":[],"class_list":["post-7422","post","type-post","status-publish","format-standard","has-post-thumbnail","hentry","category-allgemein","latest_post"],"translation":{"provider":"WPGlobus","version":"3.0.2","language":"en","enabled_languages":["de","en"],"languages":{"de":{"title":false,"content":true,"excerpt":false},"en":{"title":false,"content":false,"excerpt":false}}},"_links":{"self":[{"href":"https:\/\/www.asta-giessen.de\/en\/wp-json\/wp\/v2\/posts\/7422","targetHints":{"allow":["GET"]}}],"collection":[{"href":"https:\/\/www.asta-giessen.de\/en\/wp-json\/wp\/v2\/posts"}],"about":[{"href":"https:\/\/www.asta-giessen.de\/en\/wp-json\/wp\/v2\/types\/post"}],"author":[{"embeddable":true,"href":"https:\/\/www.asta-giessen.de\/en\/wp-json\/wp\/v2\/users\/34"}],"replies":[{"embeddable":true,"href":"https:\/\/www.asta-giessen.de\/en\/wp-json\/wp\/v2\/comments?post=7422"}],"version-history":[{"count":0,"href":"https:\/\/www.asta-giessen.de\/en\/wp-json\/wp\/v2\/posts\/7422\/revisions"}],"wp:featuredmedia":[{"embeddable":true,"href":"https:\/\/www.asta-giessen.de\/en\/wp-json\/wp\/v2\/media\/7421"}],"wp:attachment":[{"href":"https:\/\/www.asta-giessen.de\/en\/wp-json\/wp\/v2\/media?parent=7422"}],"wp:term":[{"taxonomy":"category","embeddable":true,"href":"https:\/\/www.asta-giessen.de\/en\/wp-json\/wp\/v2\/categories?post=7422"},{"taxonomy":"post_tag","embeddable":true,"href":"https:\/\/www.asta-giessen.de\/en\/wp-json\/wp\/v2\/tags?post=7422"}],"curies":[{"name":"wp","href":"https:\/\/api.w.org\/{rel}","templated":true}]}}