{"id":7811,"date":"2023-01-16T00:08:49","date_gmt":"2023-01-15T23:08:49","guid":{"rendered":"https:\/\/www.asta-giessen.de\/?p=7811"},"modified":"2023-01-17T16:40:24","modified_gmt":"2023-01-17T15:40:24","slug":"7811-2","status":"publish","type":"post","link":"https:\/\/www.asta-giessen.de\/en\/7811-2\/","title":{"rendered":""},"content":{"rendered":"<p><strong>H\u00f6rsaalbesetzungen deutschlandweit<\/strong><br \/>\nSeit Oktober findet deutschlandweit die Protestform der H\u00f6rsaalbesetzung unter Studierenden wieder regen Zuspruch. Ob in G\u00f6ttingen, M\u00fcnchen oder Jena &#8211; Studierende schlie\u00dfen sich zusammen, um ihr soziales Umfeld, die Hochschule, als Raum zu repolitisieren und wieder streitbar zu machen.<\/p>\n<p><span style=\"color: var(--font-color); font-family: var(--primary-font);\"><strong>TU Berlin, progressive Forderung nach Umweltschutz und Duldung durch die Uni<\/strong><br \/>\nSeit November findet an der TU Berlin bereits eine H\u00f6rsaalbesetzung Klimaaktivist*innen statt. Der AStA der TU Berlin zeigte sich solidarisch und fordert die Hochschulleitung, u.A. zu mehr Transparenz \u00fcber die eigene Finanzierung, die Abkehr von fossiler Finanzierung und Klimagerechtigkeit als integralen Bestandteil von Lehre und Forschung anzunehmen. Die Besetzung wird seitdem durch die Universit\u00e4t geduldet, w\u00e4hrend \u00fcber die Forderungen diskutiert wird. Die Organisator*innen bem\u00fchen sich w\u00e4hrenddessen, einen Raum des Austausches und der Debatte zu erm\u00f6glichen, wo Menschen sich hierarchiefrei und basisdemokratisch f\u00fcr den Klimaschutz organisieren k\u00f6nnen.\u00a0<\/span><\/p>\n<p><span style=\"color: var(--font-color); font-family: var(--primary-font);\"><strong>H\u00f6rsaalbesetzungen bringen Erfolge<\/strong><br \/>\nEin weiteres Beispiel f\u00fcr einen positiven Verlauf ist die H\u00f6rsaalbesetzung in Marburg im November 2022. Dort hatten Studierende den gr\u00f6\u00dften H\u00f6rsaal der Phillips-Universit\u00e4t f\u00fcr eine Lehrwoche besetzt. Auf Druck der Studierendenschaft wurde diese Besetzung von der Universit\u00e4tsleitung gebilligt und lieferte dadurch den \u00f6ffentlichkeitswirksamen Raum um \u00fcber Nachhaltigkeitsanstrengungen der Universit\u00e4t sowie der Gesamtgesellschaft zu debattieren. Die Besetzung wurde <\/span>einvernehmlich und friedlich nach Ende der Lehrwoche beendet.<\/p>\n<p><strong>Unsere Forderung<\/strong><br \/>\nF\u00fcr uns ist es wichtig Solidarit\u00e4t mit jungen Menschen und Studierenden zu zeigen, die auf gesellschaftliche Missst\u00e4nde aufmerksam machen und sich aktiv engagieren f\u00fcr eine lebenswerte Zukunft und eine politische Handhabe gegen die Klimakatastrophe. Jede*r hat das Recht auf eine nachhaltige Zukunft und Entwicklung. Unter Nachhaltig verstehen wir vor<br \/>\nallem eine Entwicklung, die die Bed\u00fcrfnisse der Gegenwart befriedigt, ohne zu riskieren, dass k\u00fcnftige Generationen ihre eigenen Bed\u00fcrfnisse nicht befriedigen k\u00f6nnen. Die aktuellen Umst\u00e4nde machen dies jedoch immer undurchf\u00fchrbarer.<\/p>\n<p><strong>Uni als Schutzraum!<\/strong><br \/>\nZuletzt verurteilen wir die gewaltsame R\u00e4umung der Besetzung in Frankfurt. Die Freiheit der Wissenschaft ist ein zerbrechliches Recht und der universit\u00e4re Campus sollte ein Schutzraum f\u00fcr wissenschaftlichen Diskurs und Gesellschaftskritik sein! Um diesen Schutzraum zu erhalten, muss jeglicher Protest gem\u00e4\u00df Artikel 8, Absatz 1 des Grundgesetzes friedlich und gewaltfrei erfolgen.<\/p>\n<p>&nbsp;<\/p>\n<p>Beschlossen vom Studierendenparlament am 12.01.23<\/p>\n<p><em>Quellen\/Artikel:<\/em><\/p>\n<ul>\n<li style=\"text-align: left;\"><em>Solidarit\u00e4t mit der Besetzung von EndFossil an der TU Berlin \u2013 AStA TU Berlin (<a href=\"https:\/\/asta.tu-berlin.de\/artikel\/solidaritaet-mit-der-besetzung-von-endfossil-an-der-tuberlin\/\">https:\/\/asta.tu-berlin.de\/artikel\/solidaritaet-mit-der-besetzung-von-endfossil-an-der-tuberlin\/<\/a>)<\/em><\/li>\n<li><em>Solidarit\u00e4t mit der Besetzung von end fossil: occupy! | AStA Uni FFM | Allgemeiner<\/em><br \/>\n<em>Studierendenausschuss der Goethe-Universit\u00e4t (<a href=\"https:\/\/asta-frankfurt.de\/2022-12\/unverhaeltnismaessige-raeumung-derhoersaalbesetzung-der-universitaet-frankfurt\">https:\/\/asta-frankfurt.de\/2022-12\/unverhaeltnismaessige-raeumung-derhoersaalbesetzung-der-universitaet-frankfurt<\/a>)\u00a0<\/em><\/li>\n<li><em>Unverh\u00e4ltnism\u00e4\u00dfige R\u00e4umung der H\u00f6rsaalbesetzung an der Universit\u00e4t Frankfurt |<\/em><br \/>\n<em>AStA Uni FFM | Allgemeiner Studierendenausschuss der Goethe-Universit\u00e4t<\/em><br \/>\n<em>(<a href=\"https:\/\/asta-frankfurt.de\/2022-12\/unverhaeltnismaessige-raeumung-derhoersaalbesetzung-der-universitaet-frankfurt\">https:\/\/asta-frankfurt.de\/2022-12\/unverhaeltnismaessige-raeumung-derhoersaalbesetzung-der-universitaet-frankfurt<\/a>)<\/em><\/li>\n<li><em>Gegen fossile Energiegewinnung: Klima-Aktivisten besetzen weiter H\u00f6rsaal in<\/em><br \/>\n<em>Marburg | hessenschau.de | Gesellschaft<\/em><br \/>\n<em>(<a href=\"https:\/\/www.hessenschau.de\/gesellschaft\/gegen-fossile-energiegewinnung-klimaaktivisten-besetzen-weiter-hoersaal-in-marburg-v4,klimaprotest-uni-marburg-besetzt100.html\">https:\/\/www.hessenschau.de\/gesellschaft\/gegen-fossile-energiegewinnung-klimaaktivisten-besetzen-weiter-hoersaal-in-marburg-v4,klimaprotest-uni-marburg-besetzt100.html<\/a>)<\/em><\/li>\n<li><em>Hochschulen &#8211; Jena &#8211; Universit\u00e4t Jena bittet Studierende um Ende der Besetzung &#8211;<\/em><br \/>\n<em>Bildung &#8211; SZ.de (<a href=\"https:\/\/www.sueddeutsche.de\/bildung\/hochschulen-jenauniversitaet-jena-bittet-studierende-um-ende-der-besetzung-dpa.urn-newsml-dpacom-20090101-221202-99-752602\">https:\/\/www.sueddeutsche.de\/bildung\/hochschulen-jenauniversitaet-jena-bittet-studierende-um-ende-der-besetzung-dpa.urn-newsml-dpacom-20090101-221202-99-752602<\/a>)<\/em><\/li>\n<li><em>Uni-H\u00f6rsaal besetzt: Studierenden-Proteste gegen Wegfall des Lehrstuhls f\u00fcr<\/em><br \/>\n<em>Geschlechtergeschichte (<a href=\"https:\/\/www.mdr.de\/nachrichten\/thueringen\/ostthueringen\/jena\/hoersaal-uni-besetzt-demo-geschlechtergeschichte-gendern100.html\">https:\/\/www.mdr.de\/nachrichten\/thueringen\/ostthueringen\/jena\/hoersaal-uni-besetzt-demo-geschlechtergeschichte-gendern100.html<\/a>)<\/em><\/li>\n<\/ul>\n","protected":false},"excerpt":{"rendered":"<p>H\u00f6rsaalbesetzungen deutschlandweit Seit Oktober findet deutschlandweit die Protestform der H\u00f6rsaalbesetzung unter Studierenden wieder regen Zuspruch. Ob in G\u00f6ttingen, M\u00fcnchen oder Jena &#8211; Studierende schlie\u00dfen sich &hellip; <\/p>\n","protected":false},"author":34,"featured_media":7812,"comment_status":"closed","ping_status":"closed","sticky":false,"template":"","format":"standard","meta":{"footnotes":""},"categories":[1],"tags":[],"class_list":["post-7811","post","type-post","status-publish","format-standard","has-post-thumbnail","hentry","category-allgemein","latest_post"],"translation":{"provider":"WPGlobus","version":"3.0.2","language":"en","enabled_languages":["de","en"],"languages":{"de":{"title":false,"content":true,"excerpt":false},"en":{"title":false,"content":false,"excerpt":false}}},"_links":{"self":[{"href":"https:\/\/www.asta-giessen.de\/en\/wp-json\/wp\/v2\/posts\/7811","targetHints":{"allow":["GET"]}}],"collection":[{"href":"https:\/\/www.asta-giessen.de\/en\/wp-json\/wp\/v2\/posts"}],"about":[{"href":"https:\/\/www.asta-giessen.de\/en\/wp-json\/wp\/v2\/types\/post"}],"author":[{"embeddable":true,"href":"https:\/\/www.asta-giessen.de\/en\/wp-json\/wp\/v2\/users\/34"}],"replies":[{"embeddable":true,"href":"https:\/\/www.asta-giessen.de\/en\/wp-json\/wp\/v2\/comments?post=7811"}],"version-history":[{"count":0,"href":"https:\/\/www.asta-giessen.de\/en\/wp-json\/wp\/v2\/posts\/7811\/revisions"}],"wp:featuredmedia":[{"embeddable":true,"href":"https:\/\/www.asta-giessen.de\/en\/wp-json\/wp\/v2\/media\/7812"}],"wp:attachment":[{"href":"https:\/\/www.asta-giessen.de\/en\/wp-json\/wp\/v2\/media?parent=7811"}],"wp:term":[{"taxonomy":"category","embeddable":true,"href":"https:\/\/www.asta-giessen.de\/en\/wp-json\/wp\/v2\/categories?post=7811"},{"taxonomy":"post_tag","embeddable":true,"href":"https:\/\/www.asta-giessen.de\/en\/wp-json\/wp\/v2\/tags?post=7811"}],"curies":[{"name":"wp","href":"https:\/\/api.w.org\/{rel}","templated":true}]}}