{"id":7823,"date":"2023-01-17T18:57:21","date_gmt":"2023-01-17T17:57:21","guid":{"rendered":"https:\/\/www.asta-giessen.de\/?p=7823"},"modified":"2023-01-17T18:57:21","modified_gmt":"2023-01-17T17:57:21","slug":"pressemitteilung-der-landes-asten-konferenz-hessen","status":"publish","type":"post","link":"https:\/\/www.asta-giessen.de\/en\/pressemitteilung-der-landes-asten-konferenz-hessen\/","title":{"rendered":"Pressemitteilung der Landes-ASten-Konferenz Hessen"},"content":{"rendered":"<p><em>Die Landes-ASten-Konferenz, der Zusammenschluss der hessischen Studierendenvertretungen, hat am Dienstag, den 17.01.2023 die Studierenden zum landesweiten Protest aufgerufen. Unter dem Motto \u201eStudieren statt Frieren! \u2013 Vom H\u00f6rsaal <\/em><em>auf die Stra\u00dfe\u201c fanden Kundgebungen mit insgesamt etwa 600 Demonstrierenden in Darmstadt, Frankfurt, Gie\u00dfen, Marburg, Fulda und Kassel statt. Die ASten schlossen sich zudem den Forderungen der Gewerkschaften nach mehr Entfristung der wissenschaftlichen Besch\u00e4ftigten an.<\/em><\/p>\n<p>Im Zentrum der Proteste stand die Kritik an einer mangelnden Ber\u00fccksichtigung der Studierenden in der Krise. Viele Studierende k\u00f6nnen die steigenden Energie- und Lebenshaltungskosten kaum noch decken. Inflation und enorm hohen Nebenkostenabrechnungen treffen Studierende und befristet Besch\u00e4ftigte besonders hart. \u201eStatt einer solidarischen L\u00f6sung, die Lasten gerecht umverteilt und Krisengewinner zur Kasse bittet, sollen wir mit 200 \u20ac Einmalzahlung abgespeist werden\u201c, betont Jenny J\u00f6rges vom AStA der Justus-Liebig-Universit\u00e4t Gie\u00dfen.<\/p>\n<p>\u201eStudierende k\u00f6nnen nicht schon wieder von der Politik im Stich gelassen werden,\u201c fordert die AStA-Referentin f\u00fcr Soziales, Sarah Herzig, aus Fulda. Nach Angaben des Statistischen Bundesamtes lebten bereits 2021 ca. 40 % der Studierenden in Armut. \u201eDie Lage hat sich durch die Coronakrise und die explodierten Lebenshaltungskosten f\u00fcr die Studierenden weiter zugespitzt. Viele Studierende haben sich in den letzten Wochen an uns gewendet und uns ihre Notlagen geschildert,\u201c wei\u00df Alexander Wiegel vom AStA der Hochschule Fulda zu berichten.<\/p>\n<p>Die Landes-ASten-Konferenz fordert die Staatsministerin Dorn und die gesamte Landesregierung dazu auf, Hochschulschlie\u00dfungen aufgrund gestiegener Energiekosten zu verhindern, Mensapreise und Mieten in Wohnheimen zu senken, ein g\u00fcnstiges landesweites Semesterticket einzuf\u00fchren und den Verwaltungskostenbeitrag abzuschaffen. \u201eDer Verwaltungskostenbeitrag muss jedes Semester gezahlt werden und ist ein Relikt der Studiengeb\u00fchren. Diese geh\u00f6ren l\u00e4ngst abgeschafft,\u201c erl\u00e4utert der AStA-Referent Manuel Flauaus von der Hochschule Darmstadt.<\/p>\n<p>Gemeinsam mit den Gewerkschaften GEW und ver.di fordert die Landes-ASten-Konferenz auch mehr Tempo bei den Entfristungen. \u201eEtwa 80 % aller wissenschaftlichen Besch\u00e4ftigten\u00a0 an Hochschulen sind befristet besch\u00e4ftigt. Dies hat gravierende Auswirkungen auf die Lehre\u201c, hebt Henning Tauche von der GEW Studis hervor.<\/p>\n<p>Mit den landesweiten Aktionen haben die Studierenden und Besch\u00e4ftigten gezeigt, dass die Politik die Bildungskrise an Hochschulen nicht einfach ausgesessen kann. Land- und Bund m\u00fcssen f\u00fcr Hochschul- und Studienfinanzierung endlich mehr Geld in die Hand nehmen, wenn sich der Bildungsnotstand nicht eine Bildungskatastrophe werden soll.<\/p>\n","protected":false},"excerpt":{"rendered":"<p>Die Landes-ASten-Konferenz, der Zusammenschluss der hessischen Studierendenvertretungen, hat am Dienstag, den 17.01.2023 die Studierenden zum landesweiten Protest aufgerufen. Unter dem Motto \u201eStudieren statt Frieren! \u2013 &hellip; <\/p>\n","protected":false},"author":34,"featured_media":7824,"comment_status":"closed","ping_status":"closed","sticky":false,"template":"","format":"standard","meta":{"footnotes":""},"categories":[1],"tags":[],"class_list":["post-7823","post","type-post","status-publish","format-standard","has-post-thumbnail","hentry","category-allgemein","latest_post"],"translation":{"provider":"WPGlobus","version":"3.0.2","language":"en","enabled_languages":["de","en"],"languages":{"de":{"title":true,"content":true,"excerpt":false},"en":{"title":false,"content":false,"excerpt":false}}},"_links":{"self":[{"href":"https:\/\/www.asta-giessen.de\/en\/wp-json\/wp\/v2\/posts\/7823","targetHints":{"allow":["GET"]}}],"collection":[{"href":"https:\/\/www.asta-giessen.de\/en\/wp-json\/wp\/v2\/posts"}],"about":[{"href":"https:\/\/www.asta-giessen.de\/en\/wp-json\/wp\/v2\/types\/post"}],"author":[{"embeddable":true,"href":"https:\/\/www.asta-giessen.de\/en\/wp-json\/wp\/v2\/users\/34"}],"replies":[{"embeddable":true,"href":"https:\/\/www.asta-giessen.de\/en\/wp-json\/wp\/v2\/comments?post=7823"}],"version-history":[{"count":0,"href":"https:\/\/www.asta-giessen.de\/en\/wp-json\/wp\/v2\/posts\/7823\/revisions"}],"wp:featuredmedia":[{"embeddable":true,"href":"https:\/\/www.asta-giessen.de\/en\/wp-json\/wp\/v2\/media\/7824"}],"wp:attachment":[{"href":"https:\/\/www.asta-giessen.de\/en\/wp-json\/wp\/v2\/media?parent=7823"}],"wp:term":[{"taxonomy":"category","embeddable":true,"href":"https:\/\/www.asta-giessen.de\/en\/wp-json\/wp\/v2\/categories?post=7823"},{"taxonomy":"post_tag","embeddable":true,"href":"https:\/\/www.asta-giessen.de\/en\/wp-json\/wp\/v2\/tags?post=7823"}],"curies":[{"name":"wp","href":"https:\/\/api.w.org\/{rel}","templated":true}]}}