{"id":8083,"date":"2023-04-13T19:16:41","date_gmt":"2023-04-13T17:16:41","guid":{"rendered":"https:\/\/www.asta-giessen.de\/?p=8083"},"modified":"2023-04-22T16:03:21","modified_gmt":"2023-04-22T14:03:21","slug":"8083-2","status":"publish","type":"post","link":"https:\/\/www.asta-giessen.de\/en\/8083-2\/","title":{"rendered":""},"content":{"rendered":"<p><strong>Rechter Terror in Hessen<\/strong><\/p>\n<p>Rechter Terror kann sich auch in Hessen jederzeit Bahn brechen. Die Ermordung des Kasseler\u00a0Regierungspr\u00e4sidenten Dr. Walter L\u00fcbcke im Juni 2019, das Attentat von Hanau im Februar 2020, bei\u00a0dem zehn Menschen ermordet wurden, sowie der Mordversuch von W\u00e4chtersbach im Juli 2019\u00a0haben dies deutlich gemacht. Auch wenn wir es in den letzten Jahren mit einer neuen Qualit\u00e4t rechter\u00a0Gewalt zu tun haben, so zeigt der Blick in die Geschichte, dass rechter Terror eine permanente\u00a0Begleiterscheinung der Geschichte der BRD ist. Die Spuren dieser Gewalttaten lassen sich auch in\u00a0Hessen weit \u00fcber den NSU-Mord 2006 in Kassel hinaus zur\u00fcckverfolgen.<\/p>\n<p>In einem Vortrag werden zentrale Erkenntnisse des im M\u00e4rz 2023 erscheinenden Buches\u00a0<strong>\u201eRechter\u00a0Terror in Hessen \u2013 Geschichte, Akteure, Orte\u201c<\/strong> von\u00a0Sascha Schmidt und Yvonne Weyrauch\u00a0vorgestellt und diskutiert. Dabei werden die Referent*innen auch auf Besonderheiten in Stadt Gie\u00dfen und Landkreis eingehen.<\/p>\n<p><!--more--><\/p>\n<p>Referent*innen:<\/p>\n<p>Yvonne Weyrauch &#8211; Politikwissenschaftlerin und Dozentin f\u00fcr politische Bildung sowie aktiv im Bratungsnetzwerk gegen Rechtsextremismus und f\u00fcr Demokratie in Hessen.<\/p>\n<p>Sascha\u00a0Schmidt &#8211; Politikwissenschaftler, aktiv im Beratungsnetzwerk gegen Rechtsextremismus und f\u00fcr Demokratie in Hessen sowie Mitarbeiter des DGB Hessen-Th\u00fcringen und regelm\u00e4\u00dfiger Autor des Magazins &#8220;der rechte rand&#8221;.<\/p>\n<p>Am 19.04.23 um 19 Uhr<\/p>\n<p>DGB-Gewerkschaftshaus, Dachsaal (7. Stock), Walltorstra\u00dfe 17, in 35390 Gie\u00dfen<\/p>\n","protected":false},"excerpt":{"rendered":"<p>Rechter Terror in Hessen Rechter Terror kann sich auch in Hessen jederzeit Bahn brechen. Die Ermordung des Kasseler\u00a0Regierungspr\u00e4sidenten Dr. Walter L\u00fcbcke im Juni 2019, das &hellip; <\/p>\n","protected":false},"author":34,"featured_media":8084,"comment_status":"closed","ping_status":"closed","sticky":false,"template":"","format":"standard","meta":{"footnotes":""},"categories":[1],"tags":[],"class_list":["post-8083","post","type-post","status-publish","format-standard","has-post-thumbnail","hentry","category-allgemein","latest_post"],"translation":{"provider":"WPGlobus","version":"3.0.2","language":"en","enabled_languages":["de","en"],"languages":{"de":{"title":false,"content":true,"excerpt":false},"en":{"title":false,"content":false,"excerpt":false}}},"_links":{"self":[{"href":"https:\/\/www.asta-giessen.de\/en\/wp-json\/wp\/v2\/posts\/8083","targetHints":{"allow":["GET"]}}],"collection":[{"href":"https:\/\/www.asta-giessen.de\/en\/wp-json\/wp\/v2\/posts"}],"about":[{"href":"https:\/\/www.asta-giessen.de\/en\/wp-json\/wp\/v2\/types\/post"}],"author":[{"embeddable":true,"href":"https:\/\/www.asta-giessen.de\/en\/wp-json\/wp\/v2\/users\/34"}],"replies":[{"embeddable":true,"href":"https:\/\/www.asta-giessen.de\/en\/wp-json\/wp\/v2\/comments?post=8083"}],"version-history":[{"count":0,"href":"https:\/\/www.asta-giessen.de\/en\/wp-json\/wp\/v2\/posts\/8083\/revisions"}],"wp:featuredmedia":[{"embeddable":true,"href":"https:\/\/www.asta-giessen.de\/en\/wp-json\/wp\/v2\/media\/8084"}],"wp:attachment":[{"href":"https:\/\/www.asta-giessen.de\/en\/wp-json\/wp\/v2\/media?parent=8083"}],"wp:term":[{"taxonomy":"category","embeddable":true,"href":"https:\/\/www.asta-giessen.de\/en\/wp-json\/wp\/v2\/categories?post=8083"},{"taxonomy":"post_tag","embeddable":true,"href":"https:\/\/www.asta-giessen.de\/en\/wp-json\/wp\/v2\/tags?post=8083"}],"curies":[{"name":"wp","href":"https:\/\/api.w.org\/{rel}","templated":true}]}}