{"id":8087,"date":"2023-04-17T15:38:57","date_gmt":"2023-04-17T13:38:57","guid":{"rendered":"https:\/\/www.asta-giessen.de\/?p=8087"},"modified":"2023-04-17T15:41:26","modified_gmt":"2023-04-17T13:41:26","slug":"8087-2","status":"publish","type":"post","link":"https:\/\/www.asta-giessen.de\/en\/8087-2\/","title":{"rendered":""},"content":{"rendered":"<p class=\"x_MsoNormal\">Vortrag und Diskussion anl\u00e4sslich des Beginns der Diktatur der Nazis 1933:<\/p>\n<p class=\"x_MsoNormal\"><b>Die Lehrkr\u00e4fte in der Nazi-Zeit<\/b><\/p>\n<p class=\"x_MsoNormal\">Ab\u00a0<b>Januar<\/b>\u00a01933 (Ernennung Hitlers zum Reichs-Kanzler) begann die Nazi-Diktatur. Schritt f\u00fcr Schritt, Monat f\u00fcr Monat ereignete sich der Vormarsch der Nazis auf allen Gebieten.<\/p>\n<p class=\"x_MsoNormal\">In Stichworten:<\/p>\n<ul>\n<li class=\"x_MsoNormal\"><b>Februar<\/b>: Reichstagsbrand, Errichtung des KZ Dachau und des KZ Sachsenhausen,<\/li>\n<li class=\"x_MsoNormal\"><b style=\"color: var(--font-color); font-family: var(--primary-font);\">M\u00e4rz<\/b><span style=\"color: var(--font-color); font-family: var(--primary-font);\">: Erm\u00e4chtigungsgesetz, faktisches Verbot der KPD,<\/span><\/li>\n<li class=\"x_MsoNormal\"><b style=\"color: var(--font-color); font-family: var(--primary-font);\">April<\/b><span style=\"color: var(--font-color); font-family: var(--primary-font);\">: \u201eJudenboykott\u201c, Entlassung j\u00fcdischer, kommunistischer und sozialistischer Lehrkr\u00e4fte,<\/span><\/li>\n<li class=\"x_MsoNormal\"><b style=\"color: var(--font-color); font-family: var(--primary-font);\">Mai<\/b><span style=\"color: var(--font-color); font-family: var(--primary-font);\">: Zerschlagung der Gewerkschaften und B\u00fccherverbrennung,<\/span><\/li>\n<li class=\"x_MsoNormal\"><b style=\"color: var(--font-color); font-family: var(--primary-font);\">Juni<\/b><span style=\"color: var(--font-color); font-family: var(--primary-font);\">: Verbot der SPD.<\/span><\/li>\n<\/ul>\n<p class=\"x_MsoNormal\">Die Industriegewerkschaften wurden am 2. Mai 1933 gewaltsam zerschlagen, deren Gewerkschaftsh\u00e4user besetzt und deren aktive Mitglieder verhaftet, geschlagen, ja gefoltert und auch ermordet.<\/p>\n<p class=\"x_MsoNormal\">Ganz anders war die Lage bei den vielf\u00e4ltigen Vereinen und Standesorganisation der\u00a0<b>Lehrkr\u00e4fte<\/b>. Schon seit 1929 gab es in unterschiedlichem Ausma\u00df einen Prozess der Anpassung in das reaktion\u00e4re deutsche nationale Lager und auch an die Nazi-Bewegung. Seit Januar 1933 wurde dieser Prozess beschleunigt und schon im Mai 1933 waren gro\u00dfe Teile der alten Vereine der Lehrkr\u00e4fte dem NSLB, dem nationalsozialistischen Lehrerbund, beigetreten.<\/p>\n<p class=\"x_MsoNormal\">Worin bestand die Aktivit\u00e4t der vom Nazi-Staat dirigierten Lehrkr\u00e4fte in den Schulen? Welche Rolle spielte der nationalsozialistische Lehrerbund, dem 1936 schon 97 % der Lehrkr\u00e4fte angeh\u00f6rten?<\/p>\n<p class=\"x_MsoNormal\">Mit dieser Frage besch\u00e4ftigt sich seit vielen Jahren unser Kollege Benjamin Ortmeyer, der zun\u00e4chst als Lehrer, dann als Leiter der Forschungsstelle NS-P\u00e4dagogik an der Goethe-Universit\u00e4t Frankfurt\/M sowohl die unmittelbaren Quellen aus den Kellern der Schulen aus der Zeit 1933 bis 1945 als auch diverse p\u00e4dagogische Nazizeitschriften zusammengestellt, dokumentiert und ausgewertet hat.<\/p>\n<p class=\"x_MsoNormal\">Diese Studien betrafen schlie\u00dflich auch nach 1945 die Lehrkr\u00e4fte der neu gegr\u00fcndeten GEW, die ja nicht wie Ph\u00f6nix aus der Asche entstand, sondern im Wesentlichen aus Personen bestand, die 12 Jahre lang in unterschiedlichem Ausma\u00df treu dem Nazi-Regime gedient hatten. Die GEW \u00fcbernahm auch das Verm\u00f6gen des NLSB und seine Immobilien. Dar\u00fcber gab es zwei Jahrzehnte Auseinandersetzungen innerhalb der GEW.<\/p>\n<p class=\"x_MsoNormal\">Im Februar 2023 erschien dazu im Beltz-Verlags die dokumentarische Studie: &#8220;Die Lehrkr\u00e4fte in der Nazi-Zeit, die GEW und der Streit um Max Traeger (1998 &#8211; 2022)&#8221;.<\/p>\n<p class=\"x_MsoNormal\"><b>\u00dcber die Notwendigkeit, die Nazi-P\u00e4dagogik im Zusammenhang mit der Nazi-Ideologie und den realen Naziverbrechen im Zusammenhang mit der Analyse der heutigen Lage einzusch\u00e4tzen, referiert Kollege Prof. Dr. Benjamin Ortmeyer.<\/b><\/p>\n<p class=\"x_MsoNormal\"><b>\u00a0<\/b><\/p>\n<p class=\"x_MsoNormal\"><b>Wann?<\/b>\u00a026 April um 18 Uhr<\/p>\n<p class=\"x_MsoNormal\"><b>Wo?<\/b> Dachsaal des DGB Haus; Walltorstra\u00dfe. 17 Gie\u00dfen<\/p>\n<p class=\"x_MsoNormal\">Die Veranstaltung ist organisiert vom Kreisverband GEW Gie\u00dfen, den GEW Studies (LASS) in Hessen und dem ASTA der Justus-Liebig-Universit\u00e4t Gie\u00dfen.<\/p>\n","protected":false},"excerpt":{"rendered":"<p>Vortrag und Diskussion anl\u00e4sslich des Beginns der Diktatur der Nazis 1933: Die Lehrkr\u00e4fte in der Nazi-Zeit Ab\u00a0Januar\u00a01933 (Ernennung Hitlers zum Reichs-Kanzler) begann die Nazi-Diktatur. Schritt &hellip; <\/p>\n","protected":false},"author":34,"featured_media":8093,"comment_status":"closed","ping_status":"closed","sticky":false,"template":"","format":"standard","meta":{"footnotes":""},"categories":[395],"tags":[],"class_list":["post-8087","post","type-post","status-publish","format-standard","has-post-thumbnail","hentry","category-events","latest_post"],"translation":{"provider":"WPGlobus","version":"3.0.2","language":"en","enabled_languages":["de","en"],"languages":{"de":{"title":false,"content":true,"excerpt":false},"en":{"title":false,"content":false,"excerpt":false}}},"_links":{"self":[{"href":"https:\/\/www.asta-giessen.de\/en\/wp-json\/wp\/v2\/posts\/8087","targetHints":{"allow":["GET"]}}],"collection":[{"href":"https:\/\/www.asta-giessen.de\/en\/wp-json\/wp\/v2\/posts"}],"about":[{"href":"https:\/\/www.asta-giessen.de\/en\/wp-json\/wp\/v2\/types\/post"}],"author":[{"embeddable":true,"href":"https:\/\/www.asta-giessen.de\/en\/wp-json\/wp\/v2\/users\/34"}],"replies":[{"embeddable":true,"href":"https:\/\/www.asta-giessen.de\/en\/wp-json\/wp\/v2\/comments?post=8087"}],"version-history":[{"count":0,"href":"https:\/\/www.asta-giessen.de\/en\/wp-json\/wp\/v2\/posts\/8087\/revisions"}],"wp:featuredmedia":[{"embeddable":true,"href":"https:\/\/www.asta-giessen.de\/en\/wp-json\/wp\/v2\/media\/8093"}],"wp:attachment":[{"href":"https:\/\/www.asta-giessen.de\/en\/wp-json\/wp\/v2\/media?parent=8087"}],"wp:term":[{"taxonomy":"category","embeddable":true,"href":"https:\/\/www.asta-giessen.de\/en\/wp-json\/wp\/v2\/categories?post=8087"},{"taxonomy":"post_tag","embeddable":true,"href":"https:\/\/www.asta-giessen.de\/en\/wp-json\/wp\/v2\/tags?post=8087"}],"curies":[{"name":"wp","href":"https:\/\/api.w.org\/{rel}","templated":true}]}}