{"id":8131,"date":"2023-04-22T16:02:49","date_gmt":"2023-04-22T14:02:49","guid":{"rendered":"https:\/\/www.asta-giessen.de\/?p=8131"},"modified":"2023-06-20T15:57:39","modified_gmt":"2023-06-20T13:57:39","slug":"8131-2","status":"publish","type":"post","link":"https:\/\/www.asta-giessen.de\/en\/8131-2\/","title":{"rendered":""},"content":{"rendered":"<div class=\"x11i5rnm xat24cr x1mh8g0r x1vvkbs xdj266r\">Auch dieses Jahr feiern wir im Kulturbahnhof Lollar geb\u00fchrend in den 1. Mai, bevor wir am n\u00e4chsten Tag auf die Stra\u00dfe gehen!<\/div>\n<div><\/div>\n<div class=\"x11i5rnm xat24cr x1mh8g0r x1vvkbs xtlvy1s\">Die Tanz in den Mai-Party der DGB Jugend Mittelhessen startet um 19:00 Uhr bzw. mit einem Graffiti-Workshop vom K\u00fcnstlerkollektiv ODK um 18:00 Uhr. Hier k\u00f6nnen Schilder f\u00fcr die Demos am 1. Mai gesprayt werden. Sowohl in Gie\u00dfen als auch in Marburg wird es einen Gewerkschaftsjugendblock geben, in den ihr euch gerne einreihen k\u00f6nnt!<\/div>\n<div class=\"x11i5rnm xat24cr x1mh8g0r x1vvkbs xtlvy1s\">Es gibt Getr\u00e4nke, Spiele und Gegrilltes. Au\u00dferdem freuen wir uns enorm auf zwei Bands aus der Region: Einsneunzig (ab 22:00 Uhr) und Brightview (ab 21:00 Uhr)! Der Eintritt ist frei.<\/div>\n<div><\/div>\n<div class=\"x11i5rnm xat24cr x1mh8g0r x1vvkbs xtlvy1s\">Einen gro\u00dfen Dank f\u00fcr die finanzielle Unterst\u00fctzung an die IGBCE OG Biedenkopf, IGM Mittelhessen, GEW HUF Mittelhessen und der DGB Jugend Mittelhessen, an den DGB KV Gie\u00dfen f\u00fcr die R\u00e4umlichkeiten, den Kolleg:innen des IGM OJA Mittelhessen f\u00fcrs Grillen, den Bands und nat\u00fcrlich allen Organisator:innen!<\/div>\n<div><\/div>\n<div class=\"x11i5rnm xat24cr x1mh8g0r x1vvkbs xtlvy1s\">Am 1. Mai werden wir ab 10:30 Uhr in Gie\u00dfen gemeinsam mit den Gewerkschaften f\u00fcr gerechte L\u00f6hne, gute Bildung und faire Arbeitsbedingungen demonstrieren. Davon profitieren auch wir Studierende, die neben dem Studium arbeiten m\u00fcssen und die in prek\u00e4ren oder befristeten Verh\u00e4ltnissen angestellt sind. Deshalb heraus zum 1. Mai, dem internationalen Tag der Arbeiter:innenklasse!<\/div>\n","protected":false},"excerpt":{"rendered":"<p>Auch dieses Jahr feiern wir im Kulturbahnhof Lollar geb\u00fchrend in den 1. Mai, bevor wir am n\u00e4chsten Tag auf die Stra\u00dfe gehen! Die Tanz in &hellip; <\/p>\n","protected":false},"author":34,"featured_media":8132,"comment_status":"closed","ping_status":"closed","sticky":false,"template":"","format":"standard","meta":{"footnotes":""},"categories":[1],"tags":[],"class_list":["post-8131","post","type-post","status-publish","format-standard","has-post-thumbnail","hentry","category-allgemein","latest_post"],"translation":{"provider":"WPGlobus","version":"3.0.2","language":"en","enabled_languages":["de","en"],"languages":{"de":{"title":false,"content":true,"excerpt":false},"en":{"title":false,"content":false,"excerpt":false}}},"_links":{"self":[{"href":"https:\/\/www.asta-giessen.de\/en\/wp-json\/wp\/v2\/posts\/8131","targetHints":{"allow":["GET"]}}],"collection":[{"href":"https:\/\/www.asta-giessen.de\/en\/wp-json\/wp\/v2\/posts"}],"about":[{"href":"https:\/\/www.asta-giessen.de\/en\/wp-json\/wp\/v2\/types\/post"}],"author":[{"embeddable":true,"href":"https:\/\/www.asta-giessen.de\/en\/wp-json\/wp\/v2\/users\/34"}],"replies":[{"embeddable":true,"href":"https:\/\/www.asta-giessen.de\/en\/wp-json\/wp\/v2\/comments?post=8131"}],"version-history":[{"count":0,"href":"https:\/\/www.asta-giessen.de\/en\/wp-json\/wp\/v2\/posts\/8131\/revisions"}],"wp:featuredmedia":[{"embeddable":true,"href":"https:\/\/www.asta-giessen.de\/en\/wp-json\/wp\/v2\/media\/8132"}],"wp:attachment":[{"href":"https:\/\/www.asta-giessen.de\/en\/wp-json\/wp\/v2\/media?parent=8131"}],"wp:term":[{"taxonomy":"category","embeddable":true,"href":"https:\/\/www.asta-giessen.de\/en\/wp-json\/wp\/v2\/categories?post=8131"},{"taxonomy":"post_tag","embeddable":true,"href":"https:\/\/www.asta-giessen.de\/en\/wp-json\/wp\/v2\/tags?post=8131"}],"curies":[{"name":"wp","href":"https:\/\/api.w.org\/{rel}","templated":true}]}}