{"id":8151,"date":"2023-04-26T15:29:11","date_gmt":"2023-04-26T13:29:11","guid":{"rendered":"https:\/\/www.asta-giessen.de\/?p=8151"},"modified":"2023-04-26T15:30:11","modified_gmt":"2023-04-26T13:30:11","slug":"8151-2","status":"publish","type":"post","link":"https:\/\/www.asta-giessen.de\/en\/8151-2\/","title":{"rendered":""},"content":{"rendered":"<p>T\u00fcrkisch-nationalistische Str\u00f6mungen und Organisationen sind in Deutschland keine Neuheit. Seit Jahrzehnten sind t\u00fcrkische Nationalist*innen und Rechte auch in Teilen der t\u00fcrkeist\u00e4mmigen Bev\u00f6lkerung aktiv \u2013 und dies weitgehend ungest\u00f6rt.<br \/>\nNationalistische und extrem rechte Organisationen wie bspw. die \u201cGrauen W\u00f6lfe\u201d bieten gerade f\u00fcr Jugendliche Identit\u00e4ts- und Gemeinschaftsangebote, die sich auf eine mythisch \u00fcberh\u00f6hte Geschichte des \u201cT\u00fcrkentums\u201d berufen.<br \/>\nGegen\u00fcber einem t\u00fcrkischsprachigen Publikum werden die nationalistischen Inhalte offen propagiert, im \u00f6ffentlichen Erscheinungsbild und in deutschsprachigen Verlautbarungen wird allgemein Wert darauf gelegt, den Anschein \u201cganz normaler\u201d Vereine zu wahren, deren vereinsinterne Arbeit und Aktivit\u00e4ten im Stadtteil keinerlei politischem Anspruch folgen w\u00fcrden. Ohne Kenntnisse der entsprechenden Netzwerke, Organisationen, Symbole und Codes f\u00e4llt es schwer, extrem rechte t\u00fcrkische Akteure und deren Aktivit\u00e4ten zu erkennen und einzuordnen.<\/p>\n<p>Ismail K\u00fcpeli ist Politikwissenschaftler. Als wissenschaftlicher Mitarbeiter an der Universit\u00e4t zu K\u00f6ln besch\u00e4ftigt er sich mit politischen und gesellschaftlichen Konflikten in Deutschland. Seine Forschungsschwerpunkte sind nationalistische Ideologien und identit\u00e4re Tendenzen \u2013 sowohl in den Mehrheit sgesellschaften als auch innerhalb der jeweiligen Minderheiten.<\/p>\n<p>Hier der Link zur Veranstaltung:<br \/>\n<a href=\"https:\/\/webconf.hrz.uni-giessen.de\/b\/tri-ivg-4oq-zuf\" target=\"_blank\" rel=\"noopener\">Big Blue Button<\/a><\/p>\n","protected":false},"excerpt":{"rendered":"<p>T\u00fcrkisch-nationalistische Str\u00f6mungen und Organisationen sind in Deutschland keine Neuheit. Seit Jahrzehnten sind t\u00fcrkische Nationalist*innen und Rechte auch in Teilen der t\u00fcrkeist\u00e4mmigen Bev\u00f6lkerung aktiv \u2013 und &hellip; <\/p>\n","protected":false},"author":34,"featured_media":8153,"comment_status":"closed","ping_status":"closed","sticky":false,"template":"","format":"standard","meta":{"footnotes":""},"categories":[1],"tags":[],"class_list":["post-8151","post","type-post","status-publish","format-standard","has-post-thumbnail","hentry","category-allgemein","latest_post"],"translation":{"provider":"WPGlobus","version":"3.0.2","language":"en","enabled_languages":["de","en"],"languages":{"de":{"title":false,"content":true,"excerpt":false},"en":{"title":false,"content":false,"excerpt":false}}},"_links":{"self":[{"href":"https:\/\/www.asta-giessen.de\/en\/wp-json\/wp\/v2\/posts\/8151","targetHints":{"allow":["GET"]}}],"collection":[{"href":"https:\/\/www.asta-giessen.de\/en\/wp-json\/wp\/v2\/posts"}],"about":[{"href":"https:\/\/www.asta-giessen.de\/en\/wp-json\/wp\/v2\/types\/post"}],"author":[{"embeddable":true,"href":"https:\/\/www.asta-giessen.de\/en\/wp-json\/wp\/v2\/users\/34"}],"replies":[{"embeddable":true,"href":"https:\/\/www.asta-giessen.de\/en\/wp-json\/wp\/v2\/comments?post=8151"}],"version-history":[{"count":0,"href":"https:\/\/www.asta-giessen.de\/en\/wp-json\/wp\/v2\/posts\/8151\/revisions"}],"wp:featuredmedia":[{"embeddable":true,"href":"https:\/\/www.asta-giessen.de\/en\/wp-json\/wp\/v2\/media\/8153"}],"wp:attachment":[{"href":"https:\/\/www.asta-giessen.de\/en\/wp-json\/wp\/v2\/media?parent=8151"}],"wp:term":[{"taxonomy":"category","embeddable":true,"href":"https:\/\/www.asta-giessen.de\/en\/wp-json\/wp\/v2\/categories?post=8151"},{"taxonomy":"post_tag","embeddable":true,"href":"https:\/\/www.asta-giessen.de\/en\/wp-json\/wp\/v2\/tags?post=8151"}],"curies":[{"name":"wp","href":"https:\/\/api.w.org\/{rel}","templated":true}]}}